{"id":52060,"date":"2020-02-18T12:55:17","date_gmt":"2020-02-18T15:55:17","guid":{"rendered":"http:\/\/blogdoedvaldomagalhaes.com.br\/?p=52060"},"modified":"2020-02-18T16:56:23","modified_gmt":"2020-02-18T19:56:23","slug":"linha-caruaru-tamandare-comeca-a-circular-nesta-quarta-19","status":"publish","type":"post","link":"https:\/\/blogdoedvaldomagalhaes.com.br\/index.php\/2020\/02\/18\/linha-caruaru-tamandare-comeca-a-circular-nesta-quarta-19\/","title":{"rendered":"Linha Caruaru\/Tamandar\u00e9 come\u00e7a a circular nesta quarta (19)"},"content":{"rendered":"<p style=\"text-align: justify;\"><span style=\"font-size: inherit;\">Linha Caruaru\/Tamandar\u00e9 come\u00e7a a circular nesta quarta (19). A partir desta quarta-feira (19) a empresa Coletivo come\u00e7a a funcionar uma linha que vai interligar as cidades de Caruaru a Tamandar\u00e9. O \u00f4nibus sair\u00e1 de Caruaru, far\u00e1 uma conex\u00e3o em Palmares e depois segue para o litoral sul.<\/span><\/p>\n<div style=\"text-align: justify;\">\n<p>Voc\u00ea pode antecipar a compra da sua passagem na loja localizada na Pra\u00e7a do Ros\u00e1rio, em Caruaru. O ponto de encontro para ida e volta tamb\u00e9m ser\u00e1 na Pra\u00e7a do Ros\u00e1rio. Para mais informa\u00e7\u00f5es, ligue: (81) 3722-4167 ou (81) 3721-0505.<\/p>\n<\/div>\n\n\n<figure class=\"wp-block-image size-large\"><img loading=\"lazy\" decoding=\"async\" width=\"1024\" height=\"1024\" src=\"http:\/\/blogdoedvaldomagalhaes.com.br\/wp-content\/uploads\/2020\/02\/IMG-20200218-WA0090-1024x1024.jpg\" alt=\"\" class=\"wp-image-52065\" srcset=\"https:\/\/blogdoedvaldomagalhaes.com.br\/wp-content\/uploads\/2020\/02\/IMG-20200218-WA0090-1024x1024.jpg 1024w, https:\/\/blogdoedvaldomagalhaes.com.br\/wp-content\/uploads\/2020\/02\/IMG-20200218-WA0090-300x300.jpg 300w, https:\/\/blogdoedvaldomagalhaes.com.br\/wp-content\/uploads\/2020\/02\/IMG-20200218-WA0090-150x150.jpg 150w, https:\/\/blogdoedvaldomagalhaes.com.br\/wp-content\/uploads\/2020\/02\/IMG-20200218-WA0090-768x768.jpg 768w, https:\/\/blogdoedvaldomagalhaes.com.br\/wp-content\/uploads\/2020\/02\/IMG-20200218-WA0090.jpg 1080w\" sizes=\"auto, (max-width: 1024px) 100vw, 1024px\" \/><\/figure>\n\n\n\n<figure class=\"wp-block-image size-large\"><img loading=\"lazy\" decoding=\"async\" width=\"575\" height=\"804\" src=\"http:\/\/blogdoedvaldomagalhaes.com.br\/wp-content\/uploads\/2020\/02\/IMG-20200218-WA0088.jpg\" alt=\"\" class=\"wp-image-52068\" srcset=\"https:\/\/blogdoedvaldomagalhaes.com.br\/wp-content\/uploads\/2020\/02\/IMG-20200218-WA0088.jpg 575w, https:\/\/blogdoedvaldomagalhaes.com.br\/wp-content\/uploads\/2020\/02\/IMG-20200218-WA0088-215x300.jpg 215w\" sizes=\"auto, (max-width: 575px) 100vw, 575px\" \/><\/figure>\n","protected":false},"excerpt":{"rendered":"<p>Linha Caruaru\/Tamandar\u00e9 come\u00e7a a circular nesta quarta (19). A partir desta quarta-feira (19) a empresa Coletivo come\u00e7a a funcionar uma&hellip;<\/p>\n","protected":false},"author":1,"featured_media":52061,"comment_status":"open","ping_status":"open","sticky":false,"template":"","format":"standard","meta":{"footnotes":""},"categories":[14120],"tags":[2,16881,17343],"class_list":["post-52060","post","type-post","status-publish","format-standard","has-post-thumbnail","hentry","category-noticias","tag-blog-do-edvaldo-magalhaes","tag-caruaru-e-regiao","tag-linha-caruaru-tamandare-comeca-a-circular-nesta-quarta-19"],"_links":{"self":[{"href":"https:\/\/blogdoedvaldomagalhaes.com.br\/index.php\/wp-json\/wp\/v2\/posts\/52060","targetHints":{"allow":["GET"]}}],"collection":[{"href":"https:\/\/blogdoedvaldomagalhaes.com.br\/index.php\/wp-json\/wp\/v2\/posts"}],"about":[{"href":"https:\/\/blogdoedvaldomagalhaes.com.br\/index.php\/wp-json\/wp\/v2\/types\/post"}],"author":[{"embeddable":true,"href":"https:\/\/blogdoedvaldomagalhaes.com.br\/index.php\/wp-json\/wp\/v2\/users\/1"}],"replies":[{"embeddable":true,"href":"https:\/\/blogdoedvaldomagalhaes.com.br\/index.php\/wp-json\/wp\/v2\/comments?post=52060"}],"version-history":[{"count":5,"href":"https:\/\/blogdoedvaldomagalhaes.com.br\/index.php\/wp-json\/wp\/v2\/posts\/52060\/revisions"}],"predecessor-version":[{"id":52082,"href":"https:\/\/blogdoedvaldomagalhaes.com.br\/index.php\/wp-json\/wp\/v2\/posts\/52060\/revisions\/52082"}],"wp:featuredmedia":[{"embeddable":true,"href":"https:\/\/blogdoedvaldomagalhaes.com.br\/index.php\/wp-json\/wp\/v2\/media\/52061"}],"wp:attachment":[{"href":"https:\/\/blogdoedvaldomagalhaes.com.br\/index.php\/wp-json\/wp\/v2\/media?parent=52060"}],"wp:term":[{"taxonomy":"category","embeddable":true,"href":"https:\/\/blogdoedvaldomagalhaes.com.br\/index.php\/wp-json\/wp\/v2\/categories?post=52060"},{"taxonomy":"post_tag","embeddable":true,"href":"https:\/\/blogdoedvaldomagalhaes.com.br\/index.php\/wp-json\/wp\/v2\/tags?post=52060"}],"curies":[{"name":"wp","href":"https:\/\/api.w.org\/{rel}","templated":true}]}}