{"id":52057,"date":"2020-02-18T12:43:01","date_gmt":"2020-02-18T15:43:01","guid":{"rendered":"http:\/\/blogdoedvaldomagalhaes.com.br\/?p=52057"},"modified":"2020-02-18T12:59:53","modified_gmt":"2020-02-18T15:59:53","slug":"accape-anuncia-parceria-com-o-icia-para-doacao-do-imposto-de-renda","status":"publish","type":"post","link":"https:\/\/blogdoedvaldomagalhaes.com.br\/index.php\/2020\/02\/18\/accape-anuncia-parceria-com-o-icia-para-doacao-do-imposto-de-renda\/","title":{"rendered":"Accape anuncia parceria com o Icia para doa\u00e7\u00e3o do imposto de renda"},"content":{"rendered":"<p style=\"text-align: justify;\">A<span style=\"font-size: inherit;\">&nbsp;Associa\u00e7\u00e3o dos Contabilistas de Caruaru e Agreste de Pernambuco (Accape) anuncia uma importante parceria com o Instituto do C\u00e2ncer Infantil do Agreste (Icia). A partir de agora, as entidades ir\u00e3o trabalhar em conjunto com o objetivo de conscientizar para a import\u00e2ncia da doa\u00e7\u00e3o do imposto de renda 2020.<\/span><\/p>\n<p style=\"text-align: justify;\">De acordo com o presidente da Accape, Deyvison Tabosa, que esteve reunido com o presidente do Icia, Ant\u00f4nio Rom\u00e3o, a proposta \u00e9 criar uma campanha entre os profissionais de Contabilidade de Caruaru e regi\u00e3o para orientar os contribuintes do imposto de renda deste ano que direcionem parte da arrecada\u00e7\u00e3o diretamente para o Icia.<\/p>\n<p style=\"text-align: justify;\">Ainda segundo o presidente da Accape, este primeiro momento \u00e9 um convite para que os contadores possam entender mais como podem participar.<\/p>\n<p style=\"text-align: justify;\">*Conhe\u00e7a* &#8211; o Icia \u00e9 uma Institui\u00e7\u00e3o em fins lucrativos que proporciona tratamento para crian\u00e7as e adolescentes portadoras de c\u00e2ncer, visando amenizar o sofrimento e cuidar com carinho de cada uma delas. Por isso, a doa\u00e7\u00e3o \u00e9 necess\u00e1ria para garantir a manuten\u00e7\u00e3o dos servi\u00e7os ofertados pela entidade.<\/p>\n","protected":false},"excerpt":{"rendered":"<p>A&nbsp;Associa\u00e7\u00e3o dos Contabilistas de Caruaru e Agreste de Pernambuco (Accape) anuncia uma importante parceria com o Instituto do C\u00e2ncer Infantil&hellip;<\/p>\n","protected":false},"author":1,"featured_media":52058,"comment_status":"open","ping_status":"open","sticky":false,"template":"","format":"standard","meta":{"footnotes":""},"categories":[14120],"tags":[17342,2,16881],"class_list":["post-52057","post","type-post","status-publish","format-standard","has-post-thumbnail","hentry","category-noticias","tag-accape-anuncia-parceria-com-o-icia-para-doacao-do-imposto-de-renda","tag-blog-do-edvaldo-magalhaes","tag-caruaru-e-regiao"],"_links":{"self":[{"href":"https:\/\/blogdoedvaldomagalhaes.com.br\/index.php\/wp-json\/wp\/v2\/posts\/52057","targetHints":{"allow":["GET"]}}],"collection":[{"href":"https:\/\/blogdoedvaldomagalhaes.com.br\/index.php\/wp-json\/wp\/v2\/posts"}],"about":[{"href":"https:\/\/blogdoedvaldomagalhaes.com.br\/index.php\/wp-json\/wp\/v2\/types\/post"}],"author":[{"embeddable":true,"href":"https:\/\/blogdoedvaldomagalhaes.com.br\/index.php\/wp-json\/wp\/v2\/users\/1"}],"replies":[{"embeddable":true,"href":"https:\/\/blogdoedvaldomagalhaes.com.br\/index.php\/wp-json\/wp\/v2\/comments?post=52057"}],"version-history":[{"count":2,"href":"https:\/\/blogdoedvaldomagalhaes.com.br\/index.php\/wp-json\/wp\/v2\/posts\/52057\/revisions"}],"predecessor-version":[{"id":52064,"href":"https:\/\/blogdoedvaldomagalhaes.com.br\/index.php\/wp-json\/wp\/v2\/posts\/52057\/revisions\/52064"}],"wp:featuredmedia":[{"embeddable":true,"href":"https:\/\/blogdoedvaldomagalhaes.com.br\/index.php\/wp-json\/wp\/v2\/media\/52058"}],"wp:attachment":[{"href":"https:\/\/blogdoedvaldomagalhaes.com.br\/index.php\/wp-json\/wp\/v2\/media?parent=52057"}],"wp:term":[{"taxonomy":"category","embeddable":true,"href":"https:\/\/blogdoedvaldomagalhaes.com.br\/index.php\/wp-json\/wp\/v2\/categories?post=52057"},{"taxonomy":"post_tag","embeddable":true,"href":"https:\/\/blogdoedvaldomagalhaes.com.br\/index.php\/wp-json\/wp\/v2\/tags?post=52057"}],"curies":[{"name":"wp","href":"https:\/\/api.w.org\/{rel}","templated":true}]}}