{"id":52052,"date":"2020-02-18T11:02:24","date_gmt":"2020-02-18T14:02:24","guid":{"rendered":"http:\/\/blogdoedvaldomagalhaes.com.br\/?p=52052"},"modified":"2020-02-18T13:00:34","modified_gmt":"2020-02-18T16:00:34","slug":"secretaria-de-educacao-de-caruaru-alerta-pais-e-educadores-sobre-o-desafio-quebra-cranio","status":"publish","type":"post","link":"https:\/\/blogdoedvaldomagalhaes.com.br\/index.php\/2020\/02\/18\/secretaria-de-educacao-de-caruaru-alerta-pais-e-educadores-sobre-o-desafio-quebra-cranio\/","title":{"rendered":"Secretaria de Educa\u00e7\u00e3o de Caruaru alerta pais e educadores sobre o desafio \u201cquebra-cr\u00e2nio\u201d"},"content":{"rendered":"<p style=\"text-align: justify;\"><span style=\"font-size: inherit;\">A Secretaria de Educa\u00e7\u00e3o alerta aos pais e educadores sobre o desafio \u201cquebra-cr\u00e2nio\u201d, que, infelizmente, se alastra pelo ambiente dom\u00e9stico e escolar e \u00e9 reproduzido pelas redes sociais.<\/span><\/p>\n<p style=\"text-align: justify;\">O desafio n\u00e3o \u00e9 uma brincadeira e provoca uma queda brutal que pode gerar les\u00f5es irrevers\u00edveis ao cr\u00e2nio e enc\u00e9falo (Traumatismo Cranioencef\u00e1lico \u2013 TCE), al\u00e9m de s\u00e9rios danos \u00e0 coluna vertebral. A v\u00edtima pode ter seu desempenho cognitivo afetado, fraturar diversas v\u00e9rtebras, ter preju\u00edzos aos movimentos do corpo e, em casos mais graves, ir a \u00f3bito.<\/p>\n<p style=\"text-align: justify;\">\u00c9 bom frisar que os respons\u00e1veis pela \u201cbrincadeira\u201d de mau gosto podem responder criminalmente por les\u00e3o corporal grave e homic\u00eddio culposo.<\/p>\n<p style=\"text-align: justify;\">Dessa forma, a Secretaria de Educa\u00e7\u00e3o repudia toda e qualquer \u201cbrincadeira\u201d de cunho violento e desrespeitoso para com o pr\u00f3ximo.<\/p>\n","protected":false},"excerpt":{"rendered":"<p>A Secretaria de Educa\u00e7\u00e3o alerta aos pais e educadores sobre o desafio \u201cquebra-cr\u00e2nio\u201d, que, infelizmente, se alastra pelo ambiente dom\u00e9stico&hellip;<\/p>\n","protected":false},"author":1,"featured_media":52053,"comment_status":"open","ping_status":"open","sticky":false,"template":"","format":"standard","meta":{"footnotes":""},"categories":[14120],"tags":[2,16881,17341],"class_list":["post-52052","post","type-post","status-publish","format-standard","has-post-thumbnail","hentry","category-noticias","tag-blog-do-edvaldo-magalhaes","tag-caruaru-e-regiao","tag-secretaria-de-educacao-de-caruaru-alerta-pais-e-educadores-sobre-o-desafio-quebra-cranio"],"_links":{"self":[{"href":"https:\/\/blogdoedvaldomagalhaes.com.br\/index.php\/wp-json\/wp\/v2\/posts\/52052","targetHints":{"allow":["GET"]}}],"collection":[{"href":"https:\/\/blogdoedvaldomagalhaes.com.br\/index.php\/wp-json\/wp\/v2\/posts"}],"about":[{"href":"https:\/\/blogdoedvaldomagalhaes.com.br\/index.php\/wp-json\/wp\/v2\/types\/post"}],"author":[{"embeddable":true,"href":"https:\/\/blogdoedvaldomagalhaes.com.br\/index.php\/wp-json\/wp\/v2\/users\/1"}],"replies":[{"embeddable":true,"href":"https:\/\/blogdoedvaldomagalhaes.com.br\/index.php\/wp-json\/wp\/v2\/comments?post=52052"}],"version-history":[{"count":2,"href":"https:\/\/blogdoedvaldomagalhaes.com.br\/index.php\/wp-json\/wp\/v2\/posts\/52052\/revisions"}],"predecessor-version":[{"id":52055,"href":"https:\/\/blogdoedvaldomagalhaes.com.br\/index.php\/wp-json\/wp\/v2\/posts\/52052\/revisions\/52055"}],"wp:featuredmedia":[{"embeddable":true,"href":"https:\/\/blogdoedvaldomagalhaes.com.br\/index.php\/wp-json\/wp\/v2\/media\/52053"}],"wp:attachment":[{"href":"https:\/\/blogdoedvaldomagalhaes.com.br\/index.php\/wp-json\/wp\/v2\/media?parent=52052"}],"wp:term":[{"taxonomy":"category","embeddable":true,"href":"https:\/\/blogdoedvaldomagalhaes.com.br\/index.php\/wp-json\/wp\/v2\/categories?post=52052"},{"taxonomy":"post_tag","embeddable":true,"href":"https:\/\/blogdoedvaldomagalhaes.com.br\/index.php\/wp-json\/wp\/v2\/tags?post=52052"}],"curies":[{"name":"wp","href":"https:\/\/api.w.org\/{rel}","templated":true}]}}