{"id":52043,"date":"2020-02-17T21:53:15","date_gmt":"2020-02-18T00:53:15","guid":{"rendered":"http:\/\/blogdoedvaldomagalhaes.com.br\/?p=52043"},"modified":"2020-02-18T11:02:45","modified_gmt":"2020-02-18T14:02:45","slug":"destra-muda-transito-em-ruas-do-bairro-boa-vista-confira","status":"publish","type":"post","link":"https:\/\/blogdoedvaldomagalhaes.com.br\/index.php\/2020\/02\/17\/destra-muda-transito-em-ruas-do-bairro-boa-vista-confira\/","title":{"rendered":"Destra muda tr\u00e2nsito em ruas do bairro Boa Vista; Confira"},"content":{"rendered":"<div class=\"post_text\">\n<p style=\"text-align: justify;\">A rua Macaparana, no bairro Boa Vista, em Caruaru, Agreste pernambucano, passou a ter tr\u00e2nsito sentido \u00fanico, em dire\u00e7\u00e3o ao Centro. A mudan\u00e7a come\u00e7ou nesta segunda-feira (17). No local eram constantes os congestionamentos.<\/p>\n<p style=\"text-align: justify;\">A Destra tamb\u00e9m alterou o tr\u00e2nsito na rua Paulista, que passou a ter sentido em dire\u00e7\u00e3o \u00e0s ruas Sanhar\u00f3, Limoeiro e S\u00e3o Jos\u00e9 do Egito at\u00e9 chegar a rua Manoel Leopoldino. Um sem\u00e1foro foi implantado na Avenida Caruaru, no cruzamento com a rua Paulista.<\/p>\n<\/div>\n<div class=\"social_tags\">\n<div class=\"social_tags_left\" style=\"text-align: justify;\">&nbsp;<\/div>\n<\/div>\n\n\n<figure class=\"wp-block-image size-large\"><img loading=\"lazy\" decoding=\"async\" width=\"1024\" height=\"576\" src=\"http:\/\/blogdoedvaldomagalhaes.com.br\/wp-content\/uploads\/2020\/02\/IMG-20200217-WA0064-1024x576.jpeg\" alt=\"\" class=\"wp-image-52045\" srcset=\"https:\/\/blogdoedvaldomagalhaes.com.br\/wp-content\/uploads\/2020\/02\/IMG-20200217-WA0064-1024x576.jpeg 1024w, https:\/\/blogdoedvaldomagalhaes.com.br\/wp-content\/uploads\/2020\/02\/IMG-20200217-WA0064-300x169.jpeg 300w, https:\/\/blogdoedvaldomagalhaes.com.br\/wp-content\/uploads\/2020\/02\/IMG-20200217-WA0064-768x432.jpeg 768w, https:\/\/blogdoedvaldomagalhaes.com.br\/wp-content\/uploads\/2020\/02\/IMG-20200217-WA0064-1536x864.jpeg 1536w, https:\/\/blogdoedvaldomagalhaes.com.br\/wp-content\/uploads\/2020\/02\/IMG-20200217-WA0064-2048x1152.jpeg 2048w, https:\/\/blogdoedvaldomagalhaes.com.br\/wp-content\/uploads\/2020\/02\/IMG-20200217-WA0064-1140x641.jpeg 1140w, https:\/\/blogdoedvaldomagalhaes.com.br\/wp-content\/uploads\/2020\/02\/IMG-20200217-WA0064-720x405.jpeg 720w\" sizes=\"auto, (max-width: 1024px) 100vw, 1024px\" \/><figcaption>Rua Macaparana<\/figcaption><\/figure>\n","protected":false},"excerpt":{"rendered":"<p>A rua Macaparana, no bairro Boa Vista, em Caruaru, Agreste pernambucano, passou a ter tr\u00e2nsito sentido \u00fanico, em dire\u00e7\u00e3o ao&hellip;<\/p>\n","protected":false},"author":1,"featured_media":52044,"comment_status":"open","ping_status":"open","sticky":false,"template":"","format":"standard","meta":{"footnotes":""},"categories":[14120],"tags":[2,16881,17340],"class_list":["post-52043","post","type-post","status-publish","format-standard","has-post-thumbnail","hentry","category-noticias","tag-blog-do-edvaldo-magalhaes","tag-caruaru-e-regiao","tag-destra-muda-transito-em-ruas-do-bairro-boa-vista-confira"],"_links":{"self":[{"href":"https:\/\/blogdoedvaldomagalhaes.com.br\/index.php\/wp-json\/wp\/v2\/posts\/52043","targetHints":{"allow":["GET"]}}],"collection":[{"href":"https:\/\/blogdoedvaldomagalhaes.com.br\/index.php\/wp-json\/wp\/v2\/posts"}],"about":[{"href":"https:\/\/blogdoedvaldomagalhaes.com.br\/index.php\/wp-json\/wp\/v2\/types\/post"}],"author":[{"embeddable":true,"href":"https:\/\/blogdoedvaldomagalhaes.com.br\/index.php\/wp-json\/wp\/v2\/users\/1"}],"replies":[{"embeddable":true,"href":"https:\/\/blogdoedvaldomagalhaes.com.br\/index.php\/wp-json\/wp\/v2\/comments?post=52043"}],"version-history":[{"count":2,"href":"https:\/\/blogdoedvaldomagalhaes.com.br\/index.php\/wp-json\/wp\/v2\/posts\/52043\/revisions"}],"predecessor-version":[{"id":52047,"href":"https:\/\/blogdoedvaldomagalhaes.com.br\/index.php\/wp-json\/wp\/v2\/posts\/52043\/revisions\/52047"}],"wp:featuredmedia":[{"embeddable":true,"href":"https:\/\/blogdoedvaldomagalhaes.com.br\/index.php\/wp-json\/wp\/v2\/media\/52044"}],"wp:attachment":[{"href":"https:\/\/blogdoedvaldomagalhaes.com.br\/index.php\/wp-json\/wp\/v2\/media?parent=52043"}],"wp:term":[{"taxonomy":"category","embeddable":true,"href":"https:\/\/blogdoedvaldomagalhaes.com.br\/index.php\/wp-json\/wp\/v2\/categories?post=52043"},{"taxonomy":"post_tag","embeddable":true,"href":"https:\/\/blogdoedvaldomagalhaes.com.br\/index.php\/wp-json\/wp\/v2\/tags?post=52043"}],"curies":[{"name":"wp","href":"https:\/\/api.w.org\/{rel}","templated":true}]}}