{"id":52039,"date":"2020-02-17T20:41:49","date_gmt":"2020-02-17T23:41:49","guid":{"rendered":"http:\/\/blogdoedvaldomagalhaes.com.br\/?p=52039"},"modified":"2020-02-17T22:06:47","modified_gmt":"2020-02-18T01:06:47","slug":"hra-foi-a-pauta-da-reuniao-do-deputado-lessa-com-o-secretario-de-saude","status":"publish","type":"post","link":"https:\/\/blogdoedvaldomagalhaes.com.br\/index.php\/2020\/02\/17\/hra-foi-a-pauta-da-reuniao-do-deputado-lessa-com-o-secretario-de-saude\/","title":{"rendered":"HRA foi a pauta da reuni\u00e3o do deputado Lessa com o secret\u00e1rio de Sa\u00fade"},"content":{"rendered":"<p style=\"text-align: justify;\"><span style=\"font-size: inherit;\">O deputado estadual Delegado Erick Lessa se reuniu com o secret\u00e1rio estadual de Sa\u00fade, Andr\u00e9 Longo, na tarde desta segunda-feira (17). Na reuni\u00e3o, o parlamentar relatou as dificuldades no Hospital Regional do Agreste (HRA) e solicitou melhorias para o equipamento. De acordo com o deputado, os setores de ortopedia e neurologia necessitam de mais aten\u00e7\u00e3o, al\u00e9m do servi\u00e7o de hemodi\u00e1lise, realizado por uma empresa que tem contrato com o Governo e tem o n\u00famero de vagas inferior \u00e0 demanda de pacientes.<\/span><\/p>\n<p style=\"text-align: justify;\">Ap\u00f3s escutar o relat\u00f3rio de Lessa, o secret\u00e1rio Andr\u00e9 Longo garantiu que ir\u00e1 empregar esfor\u00e7os para melhorar a situa\u00e7\u00e3o do hospital. Segundo o secret\u00e1rio, haver\u00e1 mutir\u00f5es de tratamentos ortop\u00e9dicos, contrata\u00e7\u00e3o de 14 profissionais de neurologia e investimentos no setor nefrol\u00f3gico.<\/p>\n<p style=\"text-align: justify;\">O deputado tem se empenhado na busca por solu\u00e7\u00f5es para o HRA. Em janeiro, ele realizou uma visita institucional \u00e0 unidade, conhecendo de perto os mais diversos setores e conversando com pacientes, funcion\u00e1rios e a dire\u00e7\u00e3o do hospital. Erick Lessa tamb\u00e9m levou o assunto para a tribuna da Assembleia Legislativa no seu primeiro discurso do ano, ressaltando que os parlamentares com base em Caruaru e nos outros 87 munic\u00edpios atendidos pelo HRA devem dar as m\u00e3os para melhorar o atendimento \u00e0 popula\u00e7\u00e3o. Lessa ainda destinou R$ 100 mil em emendas parlamentares \u00e0 LOA 2020 para o HRA.<\/p>\n<p style=\"text-align: justify;\">Foto: Viliane Gomes.<\/p>\n","protected":false},"excerpt":{"rendered":"<p>O deputado estadual Delegado Erick Lessa se reuniu com o secret\u00e1rio estadual de Sa\u00fade, Andr\u00e9 Longo, na tarde desta segunda-feira&hellip;<\/p>\n","protected":false},"author":1,"featured_media":52040,"comment_status":"open","ping_status":"open","sticky":false,"template":"","format":"standard","meta":{"footnotes":""},"categories":[14122],"tags":[16881,17339],"class_list":["post-52039","post","type-post","status-publish","format-standard","has-post-thumbnail","hentry","category-politica","tag-caruaru-e-regiao","tag-hra-foi-a-pauta-da-reuniao-do-deputado-lessa-com-o-secretario-de-saude"],"_links":{"self":[{"href":"https:\/\/blogdoedvaldomagalhaes.com.br\/index.php\/wp-json\/wp\/v2\/posts\/52039","targetHints":{"allow":["GET"]}}],"collection":[{"href":"https:\/\/blogdoedvaldomagalhaes.com.br\/index.php\/wp-json\/wp\/v2\/posts"}],"about":[{"href":"https:\/\/blogdoedvaldomagalhaes.com.br\/index.php\/wp-json\/wp\/v2\/types\/post"}],"author":[{"embeddable":true,"href":"https:\/\/blogdoedvaldomagalhaes.com.br\/index.php\/wp-json\/wp\/v2\/users\/1"}],"replies":[{"embeddable":true,"href":"https:\/\/blogdoedvaldomagalhaes.com.br\/index.php\/wp-json\/wp\/v2\/comments?post=52039"}],"version-history":[{"count":2,"href":"https:\/\/blogdoedvaldomagalhaes.com.br\/index.php\/wp-json\/wp\/v2\/posts\/52039\/revisions"}],"predecessor-version":[{"id":52042,"href":"https:\/\/blogdoedvaldomagalhaes.com.br\/index.php\/wp-json\/wp\/v2\/posts\/52039\/revisions\/52042"}],"wp:featuredmedia":[{"embeddable":true,"href":"https:\/\/blogdoedvaldomagalhaes.com.br\/index.php\/wp-json\/wp\/v2\/media\/52040"}],"wp:attachment":[{"href":"https:\/\/blogdoedvaldomagalhaes.com.br\/index.php\/wp-json\/wp\/v2\/media?parent=52039"}],"wp:term":[{"taxonomy":"category","embeddable":true,"href":"https:\/\/blogdoedvaldomagalhaes.com.br\/index.php\/wp-json\/wp\/v2\/categories?post=52039"},{"taxonomy":"post_tag","embeddable":true,"href":"https:\/\/blogdoedvaldomagalhaes.com.br\/index.php\/wp-json\/wp\/v2\/tags?post=52039"}],"curies":[{"name":"wp","href":"https:\/\/api.w.org\/{rel}","templated":true}]}}