{"id":52035,"date":"2020-02-17T20:02:57","date_gmt":"2020-02-17T23:02:57","guid":{"rendered":"http:\/\/blogdoedvaldomagalhaes.com.br\/?p=52035"},"modified":"2020-02-17T22:07:12","modified_gmt":"2020-02-18T01:07:12","slug":"tony-gel-apresenta-voto-de-aplauso-pelos-100-anos-do-colegio-sagrado-coracao-de-caruaru","status":"publish","type":"post","link":"https:\/\/blogdoedvaldomagalhaes.com.br\/index.php\/2020\/02\/17\/tony-gel-apresenta-voto-de-aplauso-pelos-100-anos-do-colegio-sagrado-coracao-de-caruaru\/","title":{"rendered":"Tony Gel apresenta Voto de Aplauso pelos 100 anos do Col\u00e9gio Sagrado Cora\u00e7\u00e3o de Caruaru"},"content":{"rendered":"<p style=\"text-align: justify;\">O Deputado Estadual Tony Gel MDB) solicitou \u00e0 Mesa Diretora da Assembleia Legislativa, que seja registrado um&nbsp; Voto de Aplauso pela passagem dos 100 anos do Col\u00e9gio Sagrado Cora\u00e7\u00e3o, em Caruaru, que est\u00e1 sendo comemorado neste ano de 2020.<\/p>\n<p style=\"text-align: justify;\">O parlamentar destacou que o Col\u00e9gio Sagrado Cora\u00e7\u00e3o foi fundado em 8 de setembro de 1920, a partir de um convite do C\u00f4nego Osvaldo Brasileiro para que algumas Irm\u00e3s Mission\u00e1rias pudessem realizar um trabalho de catequiza\u00e7\u00e3o entre os caruaruenses. E que ap\u00f3s um di\u00e1logo com a Prioreza do Convento, Madre Ermentrudes, o convite foi aceito de pronto.<\/p>\n<p style=\"text-align: justify;\">Tony lembrou que no entanto, o trabalho mission\u00e1rio iniciou bem antes quando, em 21 de julho de 1903, chegaram ao Brasil, vindas da Alemanha, as primeiras Irm\u00e3s Mission\u00e1rias de Santa Ot\u00edlia, com o objetivo de realizar trabalho de evangeliza\u00e7\u00e3o; trabalho este muito duro, pois os recursos eram bastante escassos e o conhecimento da cultura local n\u00e3o t\u00e3o vasto, o que n\u00e3o foi motivo para recuo, e sim de encorajamento.<\/p>\n<p style=\"text-align: justify;\">O deputado lembrou tamb\u00e9m que tamb\u00e9m que no ano de 1920, em definitivo, as Irm\u00e3s Em\u00e9rita Muler, Clotilde Funk, Gertrudes Alencar, Iluminata Domple, Irm\u00e3s Richilds, Alberta, Juliata e Bernadete se estabeleceram para a abertura do Col\u00e9gio Sagrado Cora\u00e7\u00e3o, alugando dois pequenos armaz\u00e9ns no sobrado do Sr. Oleg\u00e1rio Maximiniano de Oliveira Melo, antiga Rua 24 de fevereiro, hoje denominada de Rua Djalma Dutra.<\/p>\n<p style=\"text-align: justify;\">&#8220;Atualmente, o Col\u00e9gio prioriza a Educa\u00e7\u00e3o B\u00e1sica, por escolha da Dire\u00e7\u00e3o Geral; entretanto, a hist\u00f3ria do Col\u00e9gio Sagrado Cora\u00e7\u00e3o est\u00e1 focada numa educa\u00e7\u00e3o de qualidade, independente do seu grau de ensino, pois o princ\u00edpio da Escuta Beneditina, os valores crist\u00e3os e humanit\u00e1rios s\u00e3o a marca dessa institui\u00e7\u00e3o <br>educacional que, nos seus cem anos de hist\u00f3ria, vem colaborando na forma\u00e7\u00e3o de bons cidad\u00e3os e, consequentemente, de uma sociedade melhor. E, nada mais justo, do que a Assembleia Legislativa aprovar, por unanimidade, um Voto de Aplauso pelo Centen\u00e1rio do Col\u00e9gio Sagrado Cora\u00e7\u00e3o de Caruaru&#8221;, disse Tony Gel.<\/p>\n\n\n<figure class=\"wp-block-image size-large\"><img loading=\"lazy\" decoding=\"async\" width=\"1024\" height=\"788\" src=\"http:\/\/blogdoedvaldomagalhaes.com.br\/wp-content\/uploads\/2020\/02\/IMG-20200217-WA0245-1024x788.jpg\" alt=\"\" class=\"wp-image-52036\" srcset=\"https:\/\/blogdoedvaldomagalhaes.com.br\/wp-content\/uploads\/2020\/02\/IMG-20200217-WA0245-1024x788.jpg 1024w, https:\/\/blogdoedvaldomagalhaes.com.br\/wp-content\/uploads\/2020\/02\/IMG-20200217-WA0245-300x231.jpg 300w, https:\/\/blogdoedvaldomagalhaes.com.br\/wp-content\/uploads\/2020\/02\/IMG-20200217-WA0245-768x591.jpg 768w, https:\/\/blogdoedvaldomagalhaes.com.br\/wp-content\/uploads\/2020\/02\/IMG-20200217-WA0245.jpg 1080w\" sizes=\"auto, (max-width: 1024px) 100vw, 1024px\" \/><\/figure>\n","protected":false},"excerpt":{"rendered":"<p>O Deputado Estadual Tony Gel MDB) solicitou \u00e0 Mesa Diretora da Assembleia Legislativa, que seja registrado um&nbsp; Voto de Aplauso&hellip;<\/p>\n","protected":false},"author":1,"featured_media":52037,"comment_status":"open","ping_status":"open","sticky":false,"template":"","format":"standard","meta":{"footnotes":""},"categories":[14122],"tags":[2,16881,17338],"class_list":["post-52035","post","type-post","status-publish","format-standard","has-post-thumbnail","hentry","category-politica","tag-blog-do-edvaldo-magalhaes","tag-caruaru-e-regiao","tag-tony-gel-apresenta-voto-de-aplauso-pelos-100-anos-do-colegio-sagrado-coracao-de-caruaru"],"_links":{"self":[{"href":"https:\/\/blogdoedvaldomagalhaes.com.br\/index.php\/wp-json\/wp\/v2\/posts\/52035","targetHints":{"allow":["GET"]}}],"collection":[{"href":"https:\/\/blogdoedvaldomagalhaes.com.br\/index.php\/wp-json\/wp\/v2\/posts"}],"about":[{"href":"https:\/\/blogdoedvaldomagalhaes.com.br\/index.php\/wp-json\/wp\/v2\/types\/post"}],"author":[{"embeddable":true,"href":"https:\/\/blogdoedvaldomagalhaes.com.br\/index.php\/wp-json\/wp\/v2\/users\/1"}],"replies":[{"embeddable":true,"href":"https:\/\/blogdoedvaldomagalhaes.com.br\/index.php\/wp-json\/wp\/v2\/comments?post=52035"}],"version-history":[{"count":2,"href":"https:\/\/blogdoedvaldomagalhaes.com.br\/index.php\/wp-json\/wp\/v2\/posts\/52035\/revisions"}],"predecessor-version":[{"id":52048,"href":"https:\/\/blogdoedvaldomagalhaes.com.br\/index.php\/wp-json\/wp\/v2\/posts\/52035\/revisions\/52048"}],"wp:featuredmedia":[{"embeddable":true,"href":"https:\/\/blogdoedvaldomagalhaes.com.br\/index.php\/wp-json\/wp\/v2\/media\/52037"}],"wp:attachment":[{"href":"https:\/\/blogdoedvaldomagalhaes.com.br\/index.php\/wp-json\/wp\/v2\/media?parent=52035"}],"wp:term":[{"taxonomy":"category","embeddable":true,"href":"https:\/\/blogdoedvaldomagalhaes.com.br\/index.php\/wp-json\/wp\/v2\/categories?post=52035"},{"taxonomy":"post_tag","embeddable":true,"href":"https:\/\/blogdoedvaldomagalhaes.com.br\/index.php\/wp-json\/wp\/v2\/tags?post=52035"}],"curies":[{"name":"wp","href":"https:\/\/api.w.org\/{rel}","templated":true}]}}