{"id":52032,"date":"2020-02-17T19:35:40","date_gmt":"2020-02-17T22:35:40","guid":{"rendered":"http:\/\/blogdoedvaldomagalhaes.com.br\/?p=52032"},"modified":"2020-02-17T22:07:56","modified_gmt":"2020-02-18T01:07:56","slug":"a-pedido-de-raffie-andre-de-paula-destina-200-mil-para-o-icia","status":"publish","type":"post","link":"https:\/\/blogdoedvaldomagalhaes.com.br\/index.php\/2020\/02\/17\/a-pedido-de-raffie-andre-de-paula-destina-200-mil-para-o-icia\/","title":{"rendered":"A pedido de Raffi\u00ea, Andr\u00e9 de Paula destina 200 mil para o ICIA"},"content":{"rendered":"<p style=\"text-align: justify;\"><span style=\"font-size: inherit;\">A Presidente do PSD de Caruaru, Raffi\u00ea Dellon, solicitou ao Deputado Federal Andr\u00e9 de Paula, a destina\u00e7\u00e3o de R$ 200 mil reais, atrav\u00e9s de Emenda Parlamentar, para o ICIA, Instituto do C\u00e2ncer Infantil do Agreste. Hoje Andr\u00e9 esteve em Caruaru, visitou o Instituto e confirmou a destina\u00e7\u00e3o. Na oportunidade o Deputado foi recebido pelo Diretor Presidente da Institui\u00e7\u00e3o, Ant\u00f4nio Rom\u00e3o e parte da Diretoria. \u201cS\u00f3 quem conhece ou j\u00e1 precisou do ICIA sabe da import\u00e2ncia deste instituto, n\u00e3o s\u00f3 para Caruaru, mas para todo o interior de Pernambuco. Aqui pude conhecer v\u00e1rios relatos de hist\u00f3rias de vida, de supera\u00e7\u00e3o, de amor e bem ao pr\u00f3ximo\u201d. Comentou Andr\u00e9 de Paula.<\/span><\/p>\n","protected":false},"excerpt":{"rendered":"<p>A Presidente do PSD de Caruaru, Raffi\u00ea Dellon, solicitou ao Deputado Federal Andr\u00e9 de Paula, a destina\u00e7\u00e3o de R$ 200&hellip;<\/p>\n","protected":false},"author":1,"featured_media":52033,"comment_status":"open","ping_status":"open","sticky":false,"template":"","format":"standard","meta":{"footnotes":""},"categories":[14122],"tags":[17336,17337,2,16881],"class_list":["post-52032","post","type-post","status-publish","format-standard","has-post-thumbnail","hentry","category-politica","tag-a-pedido-de-raffie","tag-andre-de-paula-destina-200-mil-para-o-icia","tag-blog-do-edvaldo-magalhaes","tag-caruaru-e-regiao"],"_links":{"self":[{"href":"https:\/\/blogdoedvaldomagalhaes.com.br\/index.php\/wp-json\/wp\/v2\/posts\/52032","targetHints":{"allow":["GET"]}}],"collection":[{"href":"https:\/\/blogdoedvaldomagalhaes.com.br\/index.php\/wp-json\/wp\/v2\/posts"}],"about":[{"href":"https:\/\/blogdoedvaldomagalhaes.com.br\/index.php\/wp-json\/wp\/v2\/types\/post"}],"author":[{"embeddable":true,"href":"https:\/\/blogdoedvaldomagalhaes.com.br\/index.php\/wp-json\/wp\/v2\/users\/1"}],"replies":[{"embeddable":true,"href":"https:\/\/blogdoedvaldomagalhaes.com.br\/index.php\/wp-json\/wp\/v2\/comments?post=52032"}],"version-history":[{"count":1,"href":"https:\/\/blogdoedvaldomagalhaes.com.br\/index.php\/wp-json\/wp\/v2\/posts\/52032\/revisions"}],"predecessor-version":[{"id":52034,"href":"https:\/\/blogdoedvaldomagalhaes.com.br\/index.php\/wp-json\/wp\/v2\/posts\/52032\/revisions\/52034"}],"wp:featuredmedia":[{"embeddable":true,"href":"https:\/\/blogdoedvaldomagalhaes.com.br\/index.php\/wp-json\/wp\/v2\/media\/52033"}],"wp:attachment":[{"href":"https:\/\/blogdoedvaldomagalhaes.com.br\/index.php\/wp-json\/wp\/v2\/media?parent=52032"}],"wp:term":[{"taxonomy":"category","embeddable":true,"href":"https:\/\/blogdoedvaldomagalhaes.com.br\/index.php\/wp-json\/wp\/v2\/categories?post=52032"},{"taxonomy":"post_tag","embeddable":true,"href":"https:\/\/blogdoedvaldomagalhaes.com.br\/index.php\/wp-json\/wp\/v2\/tags?post=52032"}],"curies":[{"name":"wp","href":"https:\/\/api.w.org\/{rel}","templated":true}]}}