{"id":52027,"date":"2020-02-17T19:02:42","date_gmt":"2020-02-17T22:02:42","guid":{"rendered":"http:\/\/blogdoedvaldomagalhaes.com.br\/?p=52027"},"modified":"2020-02-17T22:08:22","modified_gmt":"2020-02-18T01:08:22","slug":"xand-aviao-e-a-primeira-atracao-confirmada-do-festival-do-jeans-de-toritama","status":"publish","type":"post","link":"https:\/\/blogdoedvaldomagalhaes.com.br\/index.php\/2020\/02\/17\/xand-aviao-e-a-primeira-atracao-confirmada-do-festival-do-jeans-de-toritama\/","title":{"rendered":"Xand Avi\u00e3o \u00e9 a primeira atra\u00e7\u00e3o confirmada do Festival do Jeans de Toritama"},"content":{"rendered":"<p style=\"text-align: justify;\"><span style=\"font-size: inherit;\">A pouco mais de dois meses da 19\u00b0 edi\u00e7\u00e3o do Festival do Jeans de Toritama (FJT), a primeira atra\u00e7\u00e3o da festa \u00e9 confirmada. No dia 29 de abril, o comandante Xand Avi\u00e3o abre a grade art\u00edstica do FJT, que, este ano, traz como novidade quatro noites de shows.<\/span><\/p>\n<p style=\"text-align: justify;\">Com quase 20 anos de carreira, Xand comemora o sucesso em todo o pa\u00eds. O \u00faltimo \u00e1lbum do cantor, intitulado Xand Errejota, lan\u00e7ado em agosto de 2019, traz m\u00fasicas que est\u00e3o na boca do p\u00fablico, como Casal Raiz, Me manda logo embora, S\u00e1bado \u00e0 noite e Algo mais, parceria com Gusttavo Lima, cujo clipe ultrapassa 170 milh\u00f5es de visualiza\u00e7\u00f5es no YouTube.<\/p>\n<p style=\"text-align: justify;\">O Festival do Jeans de Toritama ser\u00e1 realizado de 30 de abril a 2 de maio, acrescido de uma noite de shows no dia 29 de abril, e \u00e9 uma realiza\u00e7\u00e3o da Associa\u00e7\u00e3o Comercial e Industrial de Toritama (Acit).<\/p>\n","protected":false},"excerpt":{"rendered":"<p>A pouco mais de dois meses da 19\u00b0 edi\u00e7\u00e3o do Festival do Jeans de Toritama (FJT), a primeira atra\u00e7\u00e3o da&hellip;<\/p>\n","protected":false},"author":1,"featured_media":52028,"comment_status":"open","ping_status":"open","sticky":false,"template":"","format":"standard","meta":{"footnotes":""},"categories":[14120],"tags":[16881,17335],"class_list":["post-52027","post","type-post","status-publish","format-standard","has-post-thumbnail","hentry","category-noticias","tag-caruaru-e-regiao","tag-xand-aviao-e-a-primeira-atracao-confirmada-do-festival-do-jeans-de-toritama"],"_links":{"self":[{"href":"https:\/\/blogdoedvaldomagalhaes.com.br\/index.php\/wp-json\/wp\/v2\/posts\/52027","targetHints":{"allow":["GET"]}}],"collection":[{"href":"https:\/\/blogdoedvaldomagalhaes.com.br\/index.php\/wp-json\/wp\/v2\/posts"}],"about":[{"href":"https:\/\/blogdoedvaldomagalhaes.com.br\/index.php\/wp-json\/wp\/v2\/types\/post"}],"author":[{"embeddable":true,"href":"https:\/\/blogdoedvaldomagalhaes.com.br\/index.php\/wp-json\/wp\/v2\/users\/1"}],"replies":[{"embeddable":true,"href":"https:\/\/blogdoedvaldomagalhaes.com.br\/index.php\/wp-json\/wp\/v2\/comments?post=52027"}],"version-history":[{"count":1,"href":"https:\/\/blogdoedvaldomagalhaes.com.br\/index.php\/wp-json\/wp\/v2\/posts\/52027\/revisions"}],"predecessor-version":[{"id":52029,"href":"https:\/\/blogdoedvaldomagalhaes.com.br\/index.php\/wp-json\/wp\/v2\/posts\/52027\/revisions\/52029"}],"wp:featuredmedia":[{"embeddable":true,"href":"https:\/\/blogdoedvaldomagalhaes.com.br\/index.php\/wp-json\/wp\/v2\/media\/52028"}],"wp:attachment":[{"href":"https:\/\/blogdoedvaldomagalhaes.com.br\/index.php\/wp-json\/wp\/v2\/media?parent=52027"}],"wp:term":[{"taxonomy":"category","embeddable":true,"href":"https:\/\/blogdoedvaldomagalhaes.com.br\/index.php\/wp-json\/wp\/v2\/categories?post=52027"},{"taxonomy":"post_tag","embeddable":true,"href":"https:\/\/blogdoedvaldomagalhaes.com.br\/index.php\/wp-json\/wp\/v2\/tags?post=52027"}],"curies":[{"name":"wp","href":"https:\/\/api.w.org\/{rel}","templated":true}]}}