{"id":52019,"date":"2020-02-17T17:51:15","date_gmt":"2020-02-17T20:51:15","guid":{"rendered":"http:\/\/blogdoedvaldomagalhaes.com.br\/?p=52019"},"modified":"2020-02-17T22:09:15","modified_gmt":"2020-02-18T01:09:15","slug":"motorista-e-preso-dirigindo-sob-efeito-de-rebite-na-br-423-em-garanhuns","status":"publish","type":"post","link":"https:\/\/blogdoedvaldomagalhaes.com.br\/index.php\/2020\/02\/17\/motorista-e-preso-dirigindo-sob-efeito-de-rebite-na-br-423-em-garanhuns\/","title":{"rendered":"Motorista \u00e9 preso dirigindo sob efeito de rebite na BR 423 em Garanhuns"},"content":{"rendered":"<p style=\"text-align: justify;\">Dentro da cabine foram encontrados 465 comprimidos; Ele j\u00e1 estava dirigindo por 25 horas interruptas.<\/p>\n<p style=\"text-align: justify;\">Um motorista foi detido por tr\u00e1fico de drogas e sonega\u00e7\u00e3o fiscal, nesta segunda-feira (17), pela Pol\u00edcia Rodovi\u00e1ria Federal (PRF) na BR 423, em Garanhuns, no Agreste de Pernambuco. Foram encontrados 465 comprimidos de &#8220;Nob\u00e9sio Forte&#8221;, um tipo de anfetamina consumida como rebite para inibir o cansa\u00e7o durante as viagens.<\/p>\n<p style=\"text-align: justify;\">O flagrante aconteceu durante uma fiscaliza\u00e7\u00e3o noturna no quil\u00f4metro 96, quando os policiais rodovi\u00e1rios federais avistaram um rodotrem trafegando fora do hor\u00e1rio permitido. Por suas dimens\u00f5es, ele n\u00e3o poderia est\u00e1 transitando no per\u00edodo noturno.<\/p>\n<p style=\"text-align: justify;\">Ao fiscalizaram o tac\u00f3grafo do ve\u00edculo, foi constatado que o motorista somava mais de 25 horas ininterruptas na dire\u00e7\u00e3o. Dentro do ve\u00edculo, foram encontrados 465 comprimidos de &#8220;Nob\u00e9sio Forte&#8221;, uma anfetamina de uso proibido. O rodotrem ainda estava trafegando com excesso de peso e foi multado no valor R$ 7.939,49 reais.<\/p>\n<p style=\"text-align: justify;\">O rodotrem foi retido para regulariza\u00e7\u00e3o fiscal e transbordo da carga de feij\u00e3o, j\u00e1 o motorista foi encaminhado para a Pol\u00edcia Civil de Garanhuns e dever\u00e1 responder por dirigir sob efeito de subst\u00e2ncia psicoativa, sonega\u00e7\u00e3o fiscal e tr\u00e1fico il\u00edcito de entorpecentes.<\/p>\n\n\n<figure class=\"wp-block-image size-large\"><img loading=\"lazy\" decoding=\"async\" width=\"1024\" height=\"576\" src=\"http:\/\/blogdoedvaldomagalhaes.com.br\/wp-content\/uploads\/2020\/02\/IMG-20200217-WA0185-1024x576.jpg\" alt=\"\" class=\"wp-image-52021\" srcset=\"https:\/\/blogdoedvaldomagalhaes.com.br\/wp-content\/uploads\/2020\/02\/IMG-20200217-WA0185-1024x576.jpg 1024w, https:\/\/blogdoedvaldomagalhaes.com.br\/wp-content\/uploads\/2020\/02\/IMG-20200217-WA0185-300x169.jpg 300w, https:\/\/blogdoedvaldomagalhaes.com.br\/wp-content\/uploads\/2020\/02\/IMG-20200217-WA0185-768x432.jpg 768w, https:\/\/blogdoedvaldomagalhaes.com.br\/wp-content\/uploads\/2020\/02\/IMG-20200217-WA0185-1140x641.jpg 1140w, https:\/\/blogdoedvaldomagalhaes.com.br\/wp-content\/uploads\/2020\/02\/IMG-20200217-WA0185-720x405.jpg 720w, https:\/\/blogdoedvaldomagalhaes.com.br\/wp-content\/uploads\/2020\/02\/IMG-20200217-WA0185.jpg 1280w\" sizes=\"auto, (max-width: 1024px) 100vw, 1024px\" \/><\/figure>\n\n\n\n<figure class=\"wp-block-image size-large\"><img loading=\"lazy\" decoding=\"async\" width=\"1024\" height=\"576\" src=\"http:\/\/blogdoedvaldomagalhaes.com.br\/wp-content\/uploads\/2020\/02\/IMG-20200217-WA0187-1024x576.jpg\" alt=\"\" class=\"wp-image-52022\" srcset=\"https:\/\/blogdoedvaldomagalhaes.com.br\/wp-content\/uploads\/2020\/02\/IMG-20200217-WA0187-1024x576.jpg 1024w, https:\/\/blogdoedvaldomagalhaes.com.br\/wp-content\/uploads\/2020\/02\/IMG-20200217-WA0187-300x169.jpg 300w, https:\/\/blogdoedvaldomagalhaes.com.br\/wp-content\/uploads\/2020\/02\/IMG-20200217-WA0187-768x432.jpg 768w, https:\/\/blogdoedvaldomagalhaes.com.br\/wp-content\/uploads\/2020\/02\/IMG-20200217-WA0187-1140x641.jpg 1140w, https:\/\/blogdoedvaldomagalhaes.com.br\/wp-content\/uploads\/2020\/02\/IMG-20200217-WA0187-720x405.jpg 720w, https:\/\/blogdoedvaldomagalhaes.com.br\/wp-content\/uploads\/2020\/02\/IMG-20200217-WA0187.jpg 1280w\" sizes=\"auto, (max-width: 1024px) 100vw, 1024px\" \/><\/figure>\n\n\n\n<figure class=\"wp-block-image size-large\"><img loading=\"lazy\" decoding=\"async\" width=\"1024\" height=\"576\" src=\"http:\/\/blogdoedvaldomagalhaes.com.br\/wp-content\/uploads\/2020\/02\/IMG-20200217-WA0188-1024x576.jpg\" alt=\"\" class=\"wp-image-52023\" srcset=\"https:\/\/blogdoedvaldomagalhaes.com.br\/wp-content\/uploads\/2020\/02\/IMG-20200217-WA0188-1024x576.jpg 1024w, https:\/\/blogdoedvaldomagalhaes.com.br\/wp-content\/uploads\/2020\/02\/IMG-20200217-WA0188-300x169.jpg 300w, https:\/\/blogdoedvaldomagalhaes.com.br\/wp-content\/uploads\/2020\/02\/IMG-20200217-WA0188-768x432.jpg 768w, https:\/\/blogdoedvaldomagalhaes.com.br\/wp-content\/uploads\/2020\/02\/IMG-20200217-WA0188-1140x641.jpg 1140w, https:\/\/blogdoedvaldomagalhaes.com.br\/wp-content\/uploads\/2020\/02\/IMG-20200217-WA0188-720x405.jpg 720w, https:\/\/blogdoedvaldomagalhaes.com.br\/wp-content\/uploads\/2020\/02\/IMG-20200217-WA0188.jpg 1280w\" sizes=\"auto, (max-width: 1024px) 100vw, 1024px\" \/><\/figure>\n\n\n\n<figure class=\"wp-block-image size-large\"><img loading=\"lazy\" decoding=\"async\" width=\"1024\" height=\"576\" src=\"http:\/\/blogdoedvaldomagalhaes.com.br\/wp-content\/uploads\/2020\/02\/IMG-20200217-WA0186-1024x576.jpg\" alt=\"\" class=\"wp-image-52024\" srcset=\"https:\/\/blogdoedvaldomagalhaes.com.br\/wp-content\/uploads\/2020\/02\/IMG-20200217-WA0186-1024x576.jpg 1024w, https:\/\/blogdoedvaldomagalhaes.com.br\/wp-content\/uploads\/2020\/02\/IMG-20200217-WA0186-300x169.jpg 300w, https:\/\/blogdoedvaldomagalhaes.com.br\/wp-content\/uploads\/2020\/02\/IMG-20200217-WA0186-768x432.jpg 768w, https:\/\/blogdoedvaldomagalhaes.com.br\/wp-content\/uploads\/2020\/02\/IMG-20200217-WA0186-1140x641.jpg 1140w, https:\/\/blogdoedvaldomagalhaes.com.br\/wp-content\/uploads\/2020\/02\/IMG-20200217-WA0186-720x405.jpg 720w, https:\/\/blogdoedvaldomagalhaes.com.br\/wp-content\/uploads\/2020\/02\/IMG-20200217-WA0186.jpg 1280w\" sizes=\"auto, (max-width: 1024px) 100vw, 1024px\" \/><\/figure>\n\n\n\n<figure class=\"wp-block-image size-large\"><img loading=\"lazy\" decoding=\"async\" width=\"1024\" height=\"768\" src=\"http:\/\/blogdoedvaldomagalhaes.com.br\/wp-content\/uploads\/2020\/02\/IMG-20200217-WA0189-1024x768.jpg\" alt=\"\" class=\"wp-image-52025\" srcset=\"https:\/\/blogdoedvaldomagalhaes.com.br\/wp-content\/uploads\/2020\/02\/IMG-20200217-WA0189-1024x768.jpg 1024w, https:\/\/blogdoedvaldomagalhaes.com.br\/wp-content\/uploads\/2020\/02\/IMG-20200217-WA0189-300x225.jpg 300w, https:\/\/blogdoedvaldomagalhaes.com.br\/wp-content\/uploads\/2020\/02\/IMG-20200217-WA0189-768x576.jpg 768w, https:\/\/blogdoedvaldomagalhaes.com.br\/wp-content\/uploads\/2020\/02\/IMG-20200217-WA0189-160x120.jpg 160w, https:\/\/blogdoedvaldomagalhaes.com.br\/wp-content\/uploads\/2020\/02\/IMG-20200217-WA0189.jpg 1152w\" sizes=\"auto, (max-width: 1024px) 100vw, 1024px\" \/><figcaption>Informa\u00e7\u00f5es e fotos: PRF<\/figcaption><\/figure>\n","protected":false},"excerpt":{"rendered":"<p>Dentro da cabine foram encontrados 465 comprimidos; Ele j\u00e1 estava dirigindo por 25 horas interruptas. Um motorista foi detido por&hellip;<\/p>\n","protected":false},"author":1,"featured_media":52020,"comment_status":"open","ping_status":"open","sticky":false,"template":"","format":"standard","meta":{"footnotes":""},"categories":[14121],"tags":[2,16881,17334],"class_list":["post-52019","post","type-post","status-publish","format-standard","has-post-thumbnail","hentry","category-policial","tag-blog-do-edvaldo-magalhaes","tag-caruaru-e-regiao","tag-motorista-e-preso-dirigindo-sob-efeito-de-rebite-na-br-423-em-garanhuns"],"_links":{"self":[{"href":"https:\/\/blogdoedvaldomagalhaes.com.br\/index.php\/wp-json\/wp\/v2\/posts\/52019","targetHints":{"allow":["GET"]}}],"collection":[{"href":"https:\/\/blogdoedvaldomagalhaes.com.br\/index.php\/wp-json\/wp\/v2\/posts"}],"about":[{"href":"https:\/\/blogdoedvaldomagalhaes.com.br\/index.php\/wp-json\/wp\/v2\/types\/post"}],"author":[{"embeddable":true,"href":"https:\/\/blogdoedvaldomagalhaes.com.br\/index.php\/wp-json\/wp\/v2\/users\/1"}],"replies":[{"embeddable":true,"href":"https:\/\/blogdoedvaldomagalhaes.com.br\/index.php\/wp-json\/wp\/v2\/comments?post=52019"}],"version-history":[{"count":1,"href":"https:\/\/blogdoedvaldomagalhaes.com.br\/index.php\/wp-json\/wp\/v2\/posts\/52019\/revisions"}],"predecessor-version":[{"id":52026,"href":"https:\/\/blogdoedvaldomagalhaes.com.br\/index.php\/wp-json\/wp\/v2\/posts\/52019\/revisions\/52026"}],"wp:featuredmedia":[{"embeddable":true,"href":"https:\/\/blogdoedvaldomagalhaes.com.br\/index.php\/wp-json\/wp\/v2\/media\/52020"}],"wp:attachment":[{"href":"https:\/\/blogdoedvaldomagalhaes.com.br\/index.php\/wp-json\/wp\/v2\/media?parent=52019"}],"wp:term":[{"taxonomy":"category","embeddable":true,"href":"https:\/\/blogdoedvaldomagalhaes.com.br\/index.php\/wp-json\/wp\/v2\/categories?post=52019"},{"taxonomy":"post_tag","embeddable":true,"href":"https:\/\/blogdoedvaldomagalhaes.com.br\/index.php\/wp-json\/wp\/v2\/tags?post=52019"}],"curies":[{"name":"wp","href":"https:\/\/api.w.org\/{rel}","templated":true}]}}