{"id":52011,"date":"2020-02-17T15:01:46","date_gmt":"2020-02-17T18:01:46","guid":{"rendered":"http:\/\/blogdoedvaldomagalhaes.com.br\/?p=52011"},"modified":"2020-02-17T22:09:44","modified_gmt":"2020-02-18T01:09:44","slug":"central-demite-o-tecnico-evandro-guimaraes","status":"publish","type":"post","link":"https:\/\/blogdoedvaldomagalhaes.com.br\/index.php\/2020\/02\/17\/central-demite-o-tecnico-evandro-guimaraes\/","title":{"rendered":"Central demite o t\u00e9cnico Evandro Guimar\u00e3es"},"content":{"rendered":"<p style=\"text-align: justify;\">A diretoria do Central Sport Club, confirmou na tarde desta segunda-feira (17), a demiss\u00e3o do t\u00e9cnico Evandro Guimar\u00e3es, e do seu auxiliar Jo\u00e3o Paulo. O treinador comandou o elenco alvi-negro em cinco jogos do Campeonato Pernambucano da S\u00e9rie A1 2020, obtendo 01 vit\u00f3ria, 02 empates e 02 derrotas.&nbsp; Sob o comando de Evandro, a Patativa do Agreste perdeu para o Retr\u00f4 em casa, empatou com o Salgueiro no Sert\u00e3o-PE, perdeu para o Sport na Arena de Pernambuco, venceu o Vit\u00f3ria em casa e empatou com o Santa Cruz no Lacerd\u00e3o. Confira <span style=\"font-size: inherit;\">abaixo, a nota enviada pela assessoria de imprensa.<\/span><\/p>\n<p style=\"text-align: justify;\">Nota Oficial<\/p>\n<p style=\"text-align: justify;\">Informamos que ap\u00f3s reuni\u00e3o com o departamento de futebol do clube, o t\u00e9cnico Evandro Guimar\u00e3es n\u00e3o permanece no comando do Central Sport Club.<\/p>\n<p style=\"text-align: justify;\">O Alvinegro Caruaruense agradece o empenho durante o per\u00edodo \u00e0 frente da Patativa e deseja sucesso ao treinador no decorrer da sua carreira.<\/p>\n<p style=\"text-align: justify;\">Atenciosamente: Departamento de Comunica\u00e7\u00e3o do Central Sport Club.<\/p>\n","protected":false},"excerpt":{"rendered":"<p>A diretoria do Central Sport Club, confirmou na tarde desta segunda-feira (17), a demiss\u00e3o do t\u00e9cnico Evandro Guimar\u00e3es, e do&hellip;<\/p>\n","protected":false},"author":1,"featured_media":52012,"comment_status":"open","ping_status":"open","sticky":false,"template":"","format":"standard","meta":{"footnotes":""},"categories":[14124],"tags":[2,16881,17331],"class_list":["post-52011","post","type-post","status-publish","format-standard","has-post-thumbnail","hentry","category-centralsc","tag-blog-do-edvaldo-magalhaes","tag-caruaru-e-regiao","tag-central-demite-o-tecnico-evandro-guimaraes"],"_links":{"self":[{"href":"https:\/\/blogdoedvaldomagalhaes.com.br\/index.php\/wp-json\/wp\/v2\/posts\/52011","targetHints":{"allow":["GET"]}}],"collection":[{"href":"https:\/\/blogdoedvaldomagalhaes.com.br\/index.php\/wp-json\/wp\/v2\/posts"}],"about":[{"href":"https:\/\/blogdoedvaldomagalhaes.com.br\/index.php\/wp-json\/wp\/v2\/types\/post"}],"author":[{"embeddable":true,"href":"https:\/\/blogdoedvaldomagalhaes.com.br\/index.php\/wp-json\/wp\/v2\/users\/1"}],"replies":[{"embeddable":true,"href":"https:\/\/blogdoedvaldomagalhaes.com.br\/index.php\/wp-json\/wp\/v2\/comments?post=52011"}],"version-history":[{"count":7,"href":"https:\/\/blogdoedvaldomagalhaes.com.br\/index.php\/wp-json\/wp\/v2\/posts\/52011\/revisions"}],"predecessor-version":[{"id":52030,"href":"https:\/\/blogdoedvaldomagalhaes.com.br\/index.php\/wp-json\/wp\/v2\/posts\/52011\/revisions\/52030"}],"wp:featuredmedia":[{"embeddable":true,"href":"https:\/\/blogdoedvaldomagalhaes.com.br\/index.php\/wp-json\/wp\/v2\/media\/52012"}],"wp:attachment":[{"href":"https:\/\/blogdoedvaldomagalhaes.com.br\/index.php\/wp-json\/wp\/v2\/media?parent=52011"}],"wp:term":[{"taxonomy":"category","embeddable":true,"href":"https:\/\/blogdoedvaldomagalhaes.com.br\/index.php\/wp-json\/wp\/v2\/categories?post=52011"},{"taxonomy":"post_tag","embeddable":true,"href":"https:\/\/blogdoedvaldomagalhaes.com.br\/index.php\/wp-json\/wp\/v2\/tags?post=52011"}],"curies":[{"name":"wp","href":"https:\/\/api.w.org\/{rel}","templated":true}]}}