{"id":52007,"date":"2020-02-17T14:15:54","date_gmt":"2020-02-17T17:15:54","guid":{"rendered":"http:\/\/blogdoedvaldomagalhaes.com.br\/?p=52007"},"modified":"2020-02-17T22:10:31","modified_gmt":"2020-02-18T01:10:31","slug":"carro-furtado-comprado-em-site-de-vendas-e-recuperado-em-caruaru","status":"publish","type":"post","link":"https:\/\/blogdoedvaldomagalhaes.com.br\/index.php\/2020\/02\/17\/carro-furtado-comprado-em-site-de-vendas-e-recuperado-em-caruaru\/","title":{"rendered":"Carro furtado comprado em site de vendas \u00e9 recuperado em Caruaru"},"content":{"rendered":"<p style=\"text-align: justify;\"><span style=\"font-size: inherit;\">Um homem foi detido com um ve\u00edculo furtado, nesta segunda-feira (17), pela Pol\u00edcia Rodovi\u00e1ria Federal (PRF), na BR 104, no munic\u00edpio de Caruaru, no Agreste de Pernambuco. Ve\u00edculo foi roubado, no dia 03 de janeiro de 2020, em Belo Horizonte, Estado de Minas Gerais.<\/span><\/p>\n<p style=\"text-align: justify;\">Durante uma fiscaliza\u00e7\u00e3o de rotina, policiais rodovi\u00e1rios federais deram ordem de parada a um ve\u00edculo e ao consultarem a documenta\u00e7\u00e3o, verificaram que o carro era roubado. O motorista informou aos policias, que comprou o carro em um site de compra e vendas da internet, pela import\u00e2ncia de R$ 10.000 mil reais. Dentro do ve\u00edculo estava a esposa, o casal estava indo para a Cidade de Santa Cruz do Capibaribe realizar a compras de confec\u00e7\u00f5es para revenda.<\/p>\n<p style=\"text-align: justify;\">A PRF alerta que ofertas tentadoras, na maioria das vezes, est\u00e3o relacionadas a algum tipo de crime. Para evitar se tornar mais uma v\u00edtima \u00e9 importante que a pessoa que deseja comprar um ve\u00edculo seminovo conhe\u00e7a a proced\u00eancia e realize todo o tr\u00e2mite burocr\u00e1tico da transfer\u00eancia do ve\u00edculo. O Homem e o carro foram encaminhados para a Pol\u00edcia Civil de Caruaru, que dar\u00e1 prosseguimento as mediadas legais.<\/p>\n\n\n<figure class=\"wp-block-image size-large\"><img loading=\"lazy\" decoding=\"async\" width=\"1024\" height=\"768\" src=\"http:\/\/blogdoedvaldomagalhaes.com.br\/wp-content\/uploads\/2020\/02\/IMG-20200217-WA0082-1024x768.jpg\" alt=\"\" class=\"wp-image-52009\" srcset=\"https:\/\/blogdoedvaldomagalhaes.com.br\/wp-content\/uploads\/2020\/02\/IMG-20200217-WA0082-1024x768.jpg 1024w, https:\/\/blogdoedvaldomagalhaes.com.br\/wp-content\/uploads\/2020\/02\/IMG-20200217-WA0082-300x225.jpg 300w, https:\/\/blogdoedvaldomagalhaes.com.br\/wp-content\/uploads\/2020\/02\/IMG-20200217-WA0082-768x576.jpg 768w, https:\/\/blogdoedvaldomagalhaes.com.br\/wp-content\/uploads\/2020\/02\/IMG-20200217-WA0082-160x120.jpg 160w, https:\/\/blogdoedvaldomagalhaes.com.br\/wp-content\/uploads\/2020\/02\/IMG-20200217-WA0082.jpg 1152w\" sizes=\"auto, (max-width: 1024px) 100vw, 1024px\" \/><\/figure>\n","protected":false},"excerpt":{"rendered":"<p>Um homem foi detido com um ve\u00edculo furtado, nesta segunda-feira (17), pela Pol\u00edcia Rodovi\u00e1ria Federal (PRF), na BR 104, no&hellip;<\/p>\n","protected":false},"author":1,"featured_media":52008,"comment_status":"open","ping_status":"open","sticky":false,"template":"","format":"standard","meta":{"footnotes":""},"categories":[14121],"tags":[2,17330,16881],"class_list":["post-52007","post","type-post","status-publish","format-standard","has-post-thumbnail","hentry","category-policial","tag-blog-do-edvaldo-magalhaes","tag-carro-furtado-comprado-em-site-de-vendas-e-recuperado-em-caruaru","tag-caruaru-e-regiao"],"_links":{"self":[{"href":"https:\/\/blogdoedvaldomagalhaes.com.br\/index.php\/wp-json\/wp\/v2\/posts\/52007","targetHints":{"allow":["GET"]}}],"collection":[{"href":"https:\/\/blogdoedvaldomagalhaes.com.br\/index.php\/wp-json\/wp\/v2\/posts"}],"about":[{"href":"https:\/\/blogdoedvaldomagalhaes.com.br\/index.php\/wp-json\/wp\/v2\/types\/post"}],"author":[{"embeddable":true,"href":"https:\/\/blogdoedvaldomagalhaes.com.br\/index.php\/wp-json\/wp\/v2\/users\/1"}],"replies":[{"embeddable":true,"href":"https:\/\/blogdoedvaldomagalhaes.com.br\/index.php\/wp-json\/wp\/v2\/comments?post=52007"}],"version-history":[{"count":1,"href":"https:\/\/blogdoedvaldomagalhaes.com.br\/index.php\/wp-json\/wp\/v2\/posts\/52007\/revisions"}],"predecessor-version":[{"id":52010,"href":"https:\/\/blogdoedvaldomagalhaes.com.br\/index.php\/wp-json\/wp\/v2\/posts\/52007\/revisions\/52010"}],"wp:featuredmedia":[{"embeddable":true,"href":"https:\/\/blogdoedvaldomagalhaes.com.br\/index.php\/wp-json\/wp\/v2\/media\/52008"}],"wp:attachment":[{"href":"https:\/\/blogdoedvaldomagalhaes.com.br\/index.php\/wp-json\/wp\/v2\/media?parent=52007"}],"wp:term":[{"taxonomy":"category","embeddable":true,"href":"https:\/\/blogdoedvaldomagalhaes.com.br\/index.php\/wp-json\/wp\/v2\/categories?post=52007"},{"taxonomy":"post_tag","embeddable":true,"href":"https:\/\/blogdoedvaldomagalhaes.com.br\/index.php\/wp-json\/wp\/v2\/tags?post=52007"}],"curies":[{"name":"wp","href":"https:\/\/api.w.org\/{rel}","templated":true}]}}