{"id":51999,"date":"2020-02-17T13:51:21","date_gmt":"2020-02-17T16:51:21","guid":{"rendered":"http:\/\/blogdoedvaldomagalhaes.com.br\/?p=51999"},"modified":"2020-02-17T22:11:56","modified_gmt":"2020-02-18T01:11:56","slug":"confira-a-programacao-do-carnaval-de-gravata-2020","status":"publish","type":"post","link":"https:\/\/blogdoedvaldomagalhaes.com.br\/index.php\/2020\/02\/17\/confira-a-programacao-do-carnaval-de-gravata-2020\/","title":{"rendered":"Confira a programa\u00e7\u00e3o do Carnaval de Gravat\u00e1 2020"},"content":{"rendered":"<p style=\"text-align: justify;\"><span style=\"font-size: inherit;\">Durante coletiva de imprensa, realizada na manh\u00e3 desta segunda-feira (17), no gabinete do prefeito, foi anunciada a programa\u00e7\u00e3o oficial do Carnaval de Gravat\u00e1 2020.<\/span><\/p>\n<p style=\"text-align: justify;\">Al\u00e9m dos tradicionais blocos e tro\u00e7as, o Gravat\u00e1 Jazz Festival e o Encontro de Orquestras de Frevo tamb\u00e9m est\u00e3o presentes na programa\u00e7\u00e3o, fazendo um mix de ritmos musicais para todos os gostos.<\/p>\n<p style=\"text-align: justify;\">\u201cO Carnaval gravataense j\u00e1 est\u00e1 consolidado e gera um grande fluxo de pessoas na cidade. Montamos uma programa\u00e7\u00e3o para todos os gostos, tanto para quem quer frevar, quanto para quem prefere algo mais tranquilo, como o jazz e blues. Portanto quem vier para Gravat\u00e1 poder\u00e1 ter tudo isso e desfrutar de um Carnaval seguro e para toda a fam\u00edlia\u201d, disse o prefeito Joaquim Neto.<\/p>\n<p style=\"text-align: justify;\">Confira a programa\u00e7\u00e3o completa:<\/p>\n<p style=\"text-align: justify;\">Mercado Cultural<\/p>\n<p style=\"text-align: justify;\">S\u00e1bado \u2013 22\/02 <br>12h Orquestra Freviola<br>15h \u2013 Maur\u00edcio Meneses<\/p>\n<p style=\"text-align: justify;\">Domingo \u2013 23\/02<br>12h \u2013 Orquestra Xique e Xote<br>15h \u2013 Danilo Henrique e Banda<\/p>\n<p style=\"text-align: justify;\">Segunda \u2013 24\/02<br>12h \u2013 Adriano Sena Sax<br>15h \u2013 Social Samba Clube<\/p>\n<p style=\"text-align: justify;\">Ter\u00e7a \u2013 25\/02<br>12h \u2013 Nildo Frevo<br>15h \u2013 J Felipe e Mistura Brasileira<\/p>\n<p style=\"text-align: justify;\">*Rua do Norte*<\/p>\n<p style=\"text-align: justify;\">Domingo \u2013 23\/02<br>13h \u2013 Banda Levada do Gueto<br>15h30 \u2013 Silvana Salazar<\/p>\n<p style=\"text-align: justify;\">Segunda \u2013 24\/02<br>13h \u2013 Valk\u00edria Mendes<br>15h30 \u2013 Luan Douglas<\/p>\n<p style=\"text-align: justify;\">Ter\u00e7a \u2013 25\/02<br>13h \u2013 Carlinhos e Wirand\u00e9<br>15h30 \u2013 Marreta \u00e9 Massa<\/p>\n<p style=\"text-align: justify;\">Encontro de Orquestra de Frevo \u2013 P\u00e1tio de Eventos Chucre Mussa Zarzar<\/p>\n<p style=\"text-align: justify;\">Segunda \u2013 24\/02<br>9 \u00e0s 12h30 \u2013 Orquestras, Nildo Frevo, Nordesax, Xique e Xote, Big Band e Frevola, Grupos de Passistas<br>13h \u2013 Don Tronxo e Banda<br>14h30 \u2013 Orquestra XV de Novembro<br>16h \u2013 Spok Frevo<\/p>\n<p style=\"text-align: justify;\">Bairro Novo em Folia<\/p>\n<p style=\"text-align: justify;\">Domingo &#8211; 01\/03<br>13hs &#8211; Jarbas Travassos<br>15:30hs &#8211; Forr\u00f3 Pra Farrear El\u00e9trico<\/p>\n<p style=\"text-align: justify;\">Blocos e Tro\u00e7as Carnavalescas<\/p>\n<p style=\"text-align: justify;\">Quarta-feira \u2013 19\/02<br>15:30h \u2013 Bloco Assist\u00eancia em Folia (Pra\u00e7a da Matriz at\u00e9 o P\u00e1tio de Eventos)<br>21h \u2013 Bloco Zero Bronca (Av. Agamenon Magalh\u00e3es)<\/p>\n<p style=\"text-align: justify;\">Quinta-feira \u2013 20\/02<br>21h \u2013 Bloco das Trichas (Av. Agamenon Magalh\u00e3es)<\/p>\n<p style=\"text-align: justify;\">Sexta-feira \u2013 21\/02<br>21h \u2013 Bloco Ki l\u00edngua \u00e9 essa? (Av. Agamenon Magalh\u00e3es)<br>21h \u2013 Pirata t\u00e1 na rua (Bar do Pirata)<\/p>\n<p style=\"text-align: justify;\">S\u00e1bado \u2013 22\/02<br>15h \u2013 Bloco BR em Folia (Av. C\u00edcero Batista de Oliveira)<br>20h \u2013 Bloco Boto ou n\u00e3o boto? (Uru\u00e7u Mirim)<br>22h \u2013 Bloco Z\u00e9 Pereira (Esta\u00e7\u00e3o do Artes\u00e3o)<\/p>\n<p style=\"text-align: justify;\">Domingo (23\/02)<br>10h \u2013 Bloco Deus ajuda quem cedo madruga (Rua Pe. Augusto Soares)<br>10h \u2013 Bloco Potro\u00e7a (C\u00edrculo Oper\u00e1rio)<br>11h \u2013 Prado em Folia (Rua do Prado)<br>15h30 \u2013 Bloco da Rola cansada (Av. XV de Novembro \u2013 Casa de Beto Plantas)<br>16h \u2013 Bloco da Madalena (Escola Gravat\u00e1)<br>16h \u2013 Bloco Mocidade em Folia (Sede Social do CDG)<br>19h \u2013 Bloco Passa o Rodo (Rua do Norte)<br>21h \u2013 Bloco Saudade em Folia (Sede Social do CDG)<\/p>\n<p style=\"text-align: justify;\">Segunda (24\/02)<br>9h \u2013 Bloco Amante das rosas (Rua Duarte Coelho)<br>9h \u2013 Bloco Sr. Barriga (Rua Miguel Gast\u00e3o de Oliveira)<br>10h \u2013 Bloco Vem pra cacha\u00e7a (Rua XV de Novembro \u2013 Bar de Ch\u00e3 Grande)<br>11h \u2013 Prado em Folia (Rua do Prado)<br>12h \u2013 Bloco do Ar\u00e1 (Esta\u00e7\u00e3o do Artes\u00e3o)<br>19h \u2013 Bloco do Cardeifolia (Mandacaru)<br>20h \u2013 Bloco Vamos para o beco (Travessa Duarte Coelho)<br>21h \u2013 Bloco O resto (Rua do Norte)<\/p>\n<p style=\"text-align: justify;\">Ter\u00e7a-feira (25\/02)<br>11h \u2013 Prado em Folia (Rua do Prado)<br>11h \u2013 Bloco Pega o Beco (Rua An\u00edsio Ribeiro)<br>16h \u2013 Bloco Mocidade em Folia (Sede Social do CDG)<br>17h30 \u2013 Arrast\u00e3o da Rua do Norte (Rua do Norte)<br>21h \u2013 Bloco Saudade em Folia (Sede Social do CDG)<\/p>\n<p style=\"text-align: justify;\">Quarta-feira (26\/02)<br>10h \u2013 Bloco Bacalhau do Bilisco (Rua do Prado)<br>17h \u2013 Bloco Trinca o Caneco (Pra\u00e7a 10)<br>19h \u2013 Bloco Os Destruidores (Rua XV de Novembro)<br>20h \u2013 Bloco DNA (Rua XV de Novembro)<\/p>\n<p style=\"text-align: justify;\">Domingo (01\/03)<br>10h \u2013 Bloco Se n\u00e3o aguenta, pra que veio? (S\u00edtio Carapot\u00f3s)<\/p>\n\n\n<figure class=\"wp-block-image size-large\"><img loading=\"lazy\" decoding=\"async\" width=\"1024\" height=\"1024\" src=\"http:\/\/blogdoedvaldomagalhaes.com.br\/wp-content\/uploads\/2020\/02\/IMG-20200217-WA0080-1024x1024.jpg\" alt=\"\" class=\"wp-image-52001\" srcset=\"https:\/\/blogdoedvaldomagalhaes.com.br\/wp-content\/uploads\/2020\/02\/IMG-20200217-WA0080-1024x1024.jpg 1024w, https:\/\/blogdoedvaldomagalhaes.com.br\/wp-content\/uploads\/2020\/02\/IMG-20200217-WA0080-300x300.jpg 300w, https:\/\/blogdoedvaldomagalhaes.com.br\/wp-content\/uploads\/2020\/02\/IMG-20200217-WA0080-150x150.jpg 150w, https:\/\/blogdoedvaldomagalhaes.com.br\/wp-content\/uploads\/2020\/02\/IMG-20200217-WA0080-768x768.jpg 768w, https:\/\/blogdoedvaldomagalhaes.com.br\/wp-content\/uploads\/2020\/02\/IMG-20200217-WA0080.jpg 1080w\" sizes=\"auto, (max-width: 1024px) 100vw, 1024px\" \/><\/figure>\n\n\n\n<figure class=\"wp-block-image size-large\"><img loading=\"lazy\" decoding=\"async\" width=\"1024\" height=\"1024\" src=\"http:\/\/blogdoedvaldomagalhaes.com.br\/wp-content\/uploads\/2020\/02\/IMG-20200217-WA0078-1024x1024.jpg\" alt=\"\" class=\"wp-image-52002\" srcset=\"https:\/\/blogdoedvaldomagalhaes.com.br\/wp-content\/uploads\/2020\/02\/IMG-20200217-WA0078-1024x1024.jpg 1024w, https:\/\/blogdoedvaldomagalhaes.com.br\/wp-content\/uploads\/2020\/02\/IMG-20200217-WA0078-300x300.jpg 300w, https:\/\/blogdoedvaldomagalhaes.com.br\/wp-content\/uploads\/2020\/02\/IMG-20200217-WA0078-150x150.jpg 150w, https:\/\/blogdoedvaldomagalhaes.com.br\/wp-content\/uploads\/2020\/02\/IMG-20200217-WA0078-768x768.jpg 768w, https:\/\/blogdoedvaldomagalhaes.com.br\/wp-content\/uploads\/2020\/02\/IMG-20200217-WA0078.jpg 1080w\" sizes=\"auto, (max-width: 1024px) 100vw, 1024px\" \/><\/figure>\n\n\n\n<figure class=\"wp-block-image size-large\"><img loading=\"lazy\" decoding=\"async\" width=\"1024\" height=\"1024\" src=\"http:\/\/blogdoedvaldomagalhaes.com.br\/wp-content\/uploads\/2020\/02\/IMG-20200217-WA0076-1024x1024.jpg\" alt=\"\" class=\"wp-image-52003\" srcset=\"https:\/\/blogdoedvaldomagalhaes.com.br\/wp-content\/uploads\/2020\/02\/IMG-20200217-WA0076-1024x1024.jpg 1024w, https:\/\/blogdoedvaldomagalhaes.com.br\/wp-content\/uploads\/2020\/02\/IMG-20200217-WA0076-300x300.jpg 300w, https:\/\/blogdoedvaldomagalhaes.com.br\/wp-content\/uploads\/2020\/02\/IMG-20200217-WA0076-150x150.jpg 150w, https:\/\/blogdoedvaldomagalhaes.com.br\/wp-content\/uploads\/2020\/02\/IMG-20200217-WA0076-768x768.jpg 768w, https:\/\/blogdoedvaldomagalhaes.com.br\/wp-content\/uploads\/2020\/02\/IMG-20200217-WA0076.jpg 1080w\" sizes=\"auto, (max-width: 1024px) 100vw, 1024px\" \/><\/figure>\n\n\n\n<figure class=\"wp-block-image size-large\"><img loading=\"lazy\" decoding=\"async\" width=\"1024\" height=\"1024\" src=\"http:\/\/blogdoedvaldomagalhaes.com.br\/wp-content\/uploads\/2020\/02\/IMG-20200217-WA0079-1024x1024.jpg\" alt=\"\" class=\"wp-image-52004\" srcset=\"https:\/\/blogdoedvaldomagalhaes.com.br\/wp-content\/uploads\/2020\/02\/IMG-20200217-WA0079-1024x1024.jpg 1024w, https:\/\/blogdoedvaldomagalhaes.com.br\/wp-content\/uploads\/2020\/02\/IMG-20200217-WA0079-300x300.jpg 300w, https:\/\/blogdoedvaldomagalhaes.com.br\/wp-content\/uploads\/2020\/02\/IMG-20200217-WA0079-150x150.jpg 150w, https:\/\/blogdoedvaldomagalhaes.com.br\/wp-content\/uploads\/2020\/02\/IMG-20200217-WA0079-768x768.jpg 768w, https:\/\/blogdoedvaldomagalhaes.com.br\/wp-content\/uploads\/2020\/02\/IMG-20200217-WA0079.jpg 1080w\" sizes=\"auto, (max-width: 1024px) 100vw, 1024px\" \/><\/figure>\n","protected":false},"excerpt":{"rendered":"<p>Durante coletiva de imprensa, realizada na manh\u00e3 desta segunda-feira (17), no gabinete do prefeito, foi anunciada a programa\u00e7\u00e3o oficial do&hellip;<\/p>\n","protected":false},"author":1,"featured_media":52000,"comment_status":"open","ping_status":"open","sticky":false,"template":"","format":"standard","meta":{"footnotes":""},"categories":[14120],"tags":[2,16881,17329],"class_list":["post-51999","post","type-post","status-publish","format-standard","has-post-thumbnail","hentry","category-noticias","tag-blog-do-edvaldo-magalhaes","tag-caruaru-e-regiao","tag-confira-a-programacao-do-carnaval-de-gravata-2020"],"_links":{"self":[{"href":"https:\/\/blogdoedvaldomagalhaes.com.br\/index.php\/wp-json\/wp\/v2\/posts\/51999","targetHints":{"allow":["GET"]}}],"collection":[{"href":"https:\/\/blogdoedvaldomagalhaes.com.br\/index.php\/wp-json\/wp\/v2\/posts"}],"about":[{"href":"https:\/\/blogdoedvaldomagalhaes.com.br\/index.php\/wp-json\/wp\/v2\/types\/post"}],"author":[{"embeddable":true,"href":"https:\/\/blogdoedvaldomagalhaes.com.br\/index.php\/wp-json\/wp\/v2\/users\/1"}],"replies":[{"embeddable":true,"href":"https:\/\/blogdoedvaldomagalhaes.com.br\/index.php\/wp-json\/wp\/v2\/comments?post=51999"}],"version-history":[{"count":3,"href":"https:\/\/blogdoedvaldomagalhaes.com.br\/index.php\/wp-json\/wp\/v2\/posts\/51999\/revisions"}],"predecessor-version":[{"id":52031,"href":"https:\/\/blogdoedvaldomagalhaes.com.br\/index.php\/wp-json\/wp\/v2\/posts\/51999\/revisions\/52031"}],"wp:featuredmedia":[{"embeddable":true,"href":"https:\/\/blogdoedvaldomagalhaes.com.br\/index.php\/wp-json\/wp\/v2\/media\/52000"}],"wp:attachment":[{"href":"https:\/\/blogdoedvaldomagalhaes.com.br\/index.php\/wp-json\/wp\/v2\/media?parent=51999"}],"wp:term":[{"taxonomy":"category","embeddable":true,"href":"https:\/\/blogdoedvaldomagalhaes.com.br\/index.php\/wp-json\/wp\/v2\/categories?post=51999"},{"taxonomy":"post_tag","embeddable":true,"href":"https:\/\/blogdoedvaldomagalhaes.com.br\/index.php\/wp-json\/wp\/v2\/tags?post=51999"}],"curies":[{"name":"wp","href":"https:\/\/api.w.org\/{rel}","templated":true}]}}