{"id":51984,"date":"2020-02-16T17:55:06","date_gmt":"2020-02-16T20:55:06","guid":{"rendered":"http:\/\/blogdoedvaldomagalhaes.com.br\/?p=51984"},"modified":"2020-02-17T22:12:58","modified_gmt":"2020-02-18T01:12:58","slug":"central-empata-com-o-santa-cruz-mesmo-com-um-atleta-a-mais","status":"publish","type":"post","link":"https:\/\/blogdoedvaldomagalhaes.com.br\/index.php\/2020\/02\/16\/central-empata-com-o-santa-cruz-mesmo-com-um-atleta-a-mais\/","title":{"rendered":"Central empata com o Santa Cruz, mesmo com um atleta a mais"},"content":{"rendered":"<p>O Central empatou com o Santa Cruz por 0 a 0, mesmo com um atleta mais desde os 05 minutos do 1\u00b0 tempo, devido a expuls\u00e3o do zagueiro Denilson do Tricolor. O Santa continua na lideran\u00e7a da competi\u00e7\u00e3o com 13 pontos e o Central permanece no 7\u00b0 lugar com 05 pontos. P\u00fablico 2.668 e Renda 68.400,00.<\/p>\n<p>O pr\u00f3ximo jogo do Santa ser\u00e1 na quarta-feira (19), contra o Afogados, no Vian\u00e3o. O Central joga na sexta-feira (21), contra o N\u00e1utico, nos Aflitos.<\/p>\n","protected":false},"excerpt":{"rendered":"<p>O Central empatou com o Santa Cruz por 0 a 0, mesmo com um atleta mais desde os 05 minutos&hellip;<\/p>\n","protected":false},"author":1,"featured_media":51985,"comment_status":"open","ping_status":"open","sticky":false,"template":"","format":"standard","meta":{"footnotes":""},"categories":[14124],"tags":[2,16881,17328,17327],"class_list":["post-51984","post","type-post","status-publish","format-standard","has-post-thumbnail","hentry","category-centralsc","tag-blog-do-edvaldo-magalhaes","tag-caruaru-e-regiao","tag-central-empata-com-o-santa-cruz","tag-mesmo-com-um-atleta-a-mais"],"_links":{"self":[{"href":"https:\/\/blogdoedvaldomagalhaes.com.br\/index.php\/wp-json\/wp\/v2\/posts\/51984","targetHints":{"allow":["GET"]}}],"collection":[{"href":"https:\/\/blogdoedvaldomagalhaes.com.br\/index.php\/wp-json\/wp\/v2\/posts"}],"about":[{"href":"https:\/\/blogdoedvaldomagalhaes.com.br\/index.php\/wp-json\/wp\/v2\/types\/post"}],"author":[{"embeddable":true,"href":"https:\/\/blogdoedvaldomagalhaes.com.br\/index.php\/wp-json\/wp\/v2\/users\/1"}],"replies":[{"embeddable":true,"href":"https:\/\/blogdoedvaldomagalhaes.com.br\/index.php\/wp-json\/wp\/v2\/comments?post=51984"}],"version-history":[{"count":5,"href":"https:\/\/blogdoedvaldomagalhaes.com.br\/index.php\/wp-json\/wp\/v2\/posts\/51984\/revisions"}],"predecessor-version":[{"id":51991,"href":"https:\/\/blogdoedvaldomagalhaes.com.br\/index.php\/wp-json\/wp\/v2\/posts\/51984\/revisions\/51991"}],"wp:featuredmedia":[{"embeddable":true,"href":"https:\/\/blogdoedvaldomagalhaes.com.br\/index.php\/wp-json\/wp\/v2\/media\/51985"}],"wp:attachment":[{"href":"https:\/\/blogdoedvaldomagalhaes.com.br\/index.php\/wp-json\/wp\/v2\/media?parent=51984"}],"wp:term":[{"taxonomy":"category","embeddable":true,"href":"https:\/\/blogdoedvaldomagalhaes.com.br\/index.php\/wp-json\/wp\/v2\/categories?post=51984"},{"taxonomy":"post_tag","embeddable":true,"href":"https:\/\/blogdoedvaldomagalhaes.com.br\/index.php\/wp-json\/wp\/v2\/tags?post=51984"}],"curies":[{"name":"wp","href":"https:\/\/api.w.org\/{rel}","templated":true}]}}