{"id":51980,"date":"2020-02-16T09:12:16","date_gmt":"2020-02-16T12:12:16","guid":{"rendered":"http:\/\/blogdoedvaldomagalhaes.com.br\/?p=51980"},"modified":"2020-02-17T22:13:38","modified_gmt":"2020-02-18T01:13:38","slug":"segundo-assassinato-do-fim-de-semana-e-registrado-em-caruaru","status":"publish","type":"post","link":"https:\/\/blogdoedvaldomagalhaes.com.br\/index.php\/2020\/02\/16\/segundo-assassinato-do-fim-de-semana-e-registrado-em-caruaru\/","title":{"rendered":"Segundo assassinato do fim de semana \u00e9 registrado em Caruaru"},"content":{"rendered":"<p style=\"text-align: justify;\">O homicidio ocorreu por volta das 23h, desse s\u00e1bado (15), por tr\u00e1s do antigo Forroz\u00e3o, na rua Pedro Paulo da Silva Filho, no bairro Pinheir\u00f3polis, em Caruaru. A v\u00edtima foi J\u00e2nio Cleiton da Silva, de 31 anos de idade, que morava no bairro Petr\u00f3polis, assassinado a pedradas. Segundo informa\u00e7\u00f5es, a v\u00edtima voltava para a resid\u00eancia dele juntamente com um amigo de nome Marcelo, ap\u00f3s uma bebedeira, quando houve o crime. J\u00e2nio havia assassinado uma pessoa em Palmares, h\u00e1 alguns anos, onde cumpriu pena e estava em liberdade.<\/p>\n<p style=\"text-align: justify;\">A v\u00edtima morava no bairro Petr\u00f3polis. N\u00e3o h\u00e1 informa\u00e7\u00e3o sobre autoria nem motiva\u00e7\u00e3o do crime. O corpo&nbsp; foi encaminhado para o Instituto de Medicina Legal (IML).<\/p>\n<p style=\"text-align: justify;\">Este foi o&nbsp;<a href=\"http:\/\/liberdade.com.br\/jovem-de-22-anos-e-assassinado-a-tiros-na-zona-rural-de-caruaru\/\">segundo homic\u00eddio<\/a> do fim de semana em Caruaru, elevando para 8 o n\u00famero de assassinatos no m\u00eas de fevereiro e para 19 neste ano de 2020.<\/p>\n<p>Foto: Renan da Funer\u00e1ria\/Cortesia.<\/p>\n","protected":false},"excerpt":{"rendered":"<p>O homicidio ocorreu por volta das 23h, desse s\u00e1bado (15), por tr\u00e1s do antigo Forroz\u00e3o, na rua Pedro Paulo da&hellip;<\/p>\n","protected":false},"author":1,"featured_media":51981,"comment_status":"open","ping_status":"open","sticky":false,"template":"","format":"standard","meta":{"footnotes":""},"categories":[14121],"tags":[2,16881,17326],"class_list":["post-51980","post","type-post","status-publish","format-standard","has-post-thumbnail","hentry","category-policial","tag-blog-do-edvaldo-magalhaes","tag-caruaru-e-regiao","tag-segundo-assassinato-do-fim-de-semana-e-registrado-em-caruaru"],"_links":{"self":[{"href":"https:\/\/blogdoedvaldomagalhaes.com.br\/index.php\/wp-json\/wp\/v2\/posts\/51980","targetHints":{"allow":["GET"]}}],"collection":[{"href":"https:\/\/blogdoedvaldomagalhaes.com.br\/index.php\/wp-json\/wp\/v2\/posts"}],"about":[{"href":"https:\/\/blogdoedvaldomagalhaes.com.br\/index.php\/wp-json\/wp\/v2\/types\/post"}],"author":[{"embeddable":true,"href":"https:\/\/blogdoedvaldomagalhaes.com.br\/index.php\/wp-json\/wp\/v2\/users\/1"}],"replies":[{"embeddable":true,"href":"https:\/\/blogdoedvaldomagalhaes.com.br\/index.php\/wp-json\/wp\/v2\/comments?post=51980"}],"version-history":[{"count":3,"href":"https:\/\/blogdoedvaldomagalhaes.com.br\/index.php\/wp-json\/wp\/v2\/posts\/51980\/revisions"}],"predecessor-version":[{"id":52049,"href":"https:\/\/blogdoedvaldomagalhaes.com.br\/index.php\/wp-json\/wp\/v2\/posts\/51980\/revisions\/52049"}],"wp:featuredmedia":[{"embeddable":true,"href":"https:\/\/blogdoedvaldomagalhaes.com.br\/index.php\/wp-json\/wp\/v2\/media\/51981"}],"wp:attachment":[{"href":"https:\/\/blogdoedvaldomagalhaes.com.br\/index.php\/wp-json\/wp\/v2\/media?parent=51980"}],"wp:term":[{"taxonomy":"category","embeddable":true,"href":"https:\/\/blogdoedvaldomagalhaes.com.br\/index.php\/wp-json\/wp\/v2\/categories?post=51980"},{"taxonomy":"post_tag","embeddable":true,"href":"https:\/\/blogdoedvaldomagalhaes.com.br\/index.php\/wp-json\/wp\/v2\/tags?post=51980"}],"curies":[{"name":"wp","href":"https:\/\/api.w.org\/{rel}","templated":true}]}}