{"id":51977,"date":"2020-02-15T22:12:38","date_gmt":"2020-02-16T01:12:38","guid":{"rendered":"http:\/\/blogdoedvaldomagalhaes.com.br\/?p=51977"},"modified":"2020-02-17T22:14:09","modified_gmt":"2020-02-18T01:14:09","slug":"governo-de-pernambuco-investe-r-88-milhoes-nas-acoes-de-controle-e-combate-as-arboviroses","status":"publish","type":"post","link":"https:\/\/blogdoedvaldomagalhaes.com.br\/index.php\/2020\/02\/15\/governo-de-pernambuco-investe-r-88-milhoes-nas-acoes-de-controle-e-combate-as-arboviroses\/","title":{"rendered":"Governo de Pernambuco investe R$ 8,8 milh\u00f5es nas a\u00e7\u00f5es de controle e combate \u00e0s arboviroses"},"content":{"rendered":"<p style=\"text-align: justify;\"><span style=\"font-size: inherit;\">Ap\u00f3s uma epidemia de dengue, chikungunya e zika entre 2015 e 2016, os dois anos subsequentes tiveram uma redu\u00e7\u00e3o dr\u00e1stica nas notifica\u00e7\u00f5es, as menores da \u00faltima d\u00e9cada. Em 2019, contudo, o n\u00famero de casos voltou a subir, inclusive durante temporada na qual n\u00e3o era comum um aumento do adoecimento. Neste in\u00edcio de ano, os casos est\u00e3o bem abaixo do registrado no mesmo per\u00edodo de 2019 (redu\u00e7\u00e3o de 45% nas notifica\u00e7\u00f5es de dengue, 46% de chikungunya e 57% de zika), mas isso n\u00e3o significa que o poder p\u00fablico e a popula\u00e7\u00e3o podem baixar a guarda contra o Aedes aegypti, transmissor das enfermidades. Para atuar neste cen\u00e1rio, a Secretaria Estadual de Sa\u00fade (SES-PE) lan\u00e7a nesta sexta-feira (14.02), em sua sede, no Bongi, o Plano de Enfrentamento \u00e0s Arboviroses 2020.<\/span><\/p>\n<p style=\"text-align: justify;\">Para 2020, ser\u00e1 feito um investimento de R$ 8,8 milh\u00f5es nas a\u00e7\u00f5es do Estado e para auxiliar os munic\u00edpios em suas atividades, o que significa uma amplia\u00e7\u00e3o de 26% em rela\u00e7\u00e3o ao montante investido em 2019. Os recursos ser\u00e3o utilizados para compra de material de campo, insumos e EPIs (equipamentos de prote\u00e7\u00e3o individual) para os t\u00e9cnicos estaduais e municipais; para educa\u00e7\u00e3o permanente e confec\u00e7\u00e3o de material educativo; aquisi\u00e7\u00e3o de insumos para a vacina\u00e7\u00e3o contra a febre amarela; pacote de dados para os smartphopnes com acesso ao aplicativo e-visit@PE e para infraestrutura.<\/p>\n<p style=\"text-align: justify;\">&#8220;Para 2020, vamos manter diversas a\u00e7\u00f5es que j\u00e1 fazem parte da rotina do trabalho contra as arboviroses e ampliar outras atividades, como o uso do aplicativo e-visit@PE pelos agentes de endemias dos munic\u00edpios. Neste ano, estamos aumentando o poder de resposta do Lacen-PE, que far\u00e1 novas an\u00e1lises para as arboviroses; vamos poder vacinar mais de 8 milh\u00f5es de pernambucanos contra a febre amarela e apoiar um projeto inovador em Petrolina. Mas todas essas a\u00e7\u00f5es precisam estar coordenadas com as atividades municipais e tamb\u00e9m com o empenho da popula\u00e7\u00e3o no cuidado nas suas casas e nos entornos. \u00c9 a uni\u00e3o de todos os entes da sociedade que podem possibilitar a queda nos adoecimentos pelas arboviroses&#8221;, afirma o secret\u00e1rio estadual de Sa\u00fade, Andr\u00e9 Longo.<\/p>\n<p style=\"text-align: justify;\">*VIGIL\u00c2NCIA E EXAMES \u2013* Pernambuco j\u00e1 tem descentralizado para todas as 12 Ger\u00eancias Regionais de Sa\u00fade (Geres) a sorologia para confirma\u00e7\u00e3o dos casos de dengue e chikungunya. J\u00e1 a t\u00e9cnica PCR \u00e9 realizada pelo Laborat\u00f3rio Central de Sa\u00fade P\u00fablica (Lacen-PE), localizado no Recife, para as tr\u00eas arboviroses, al\u00e9m da sorologia de zika.<\/p>\n<p style=\"text-align: justify;\">Para 2020, o objetivo \u00e9 implantar no Lacen-PE o diagn\u00f3stico de febre amarela por biologia molecular em soro e v\u00edsceras. Tamb\u00e9m est\u00e1 sendo montado o fluxo para recebimento de amostras de mosquitos silvestres e Culex para averiguar a poss\u00edvel circula\u00e7\u00e3o de febre amarela. Esses insetos ser\u00e3o coletados em \u00e1reas das I, III e V Geres.<\/p>\n<p style=\"text-align: justify;\">\u201cAt\u00e9 o momento, n\u00e3o temos a circula\u00e7\u00e3o do v\u00edrus da febre amarela no Estado. J\u00e1 fazemos a vigil\u00e2ncia do adoecimento e morte de macacos e agora com a vigil\u00e2ncia entomol\u00f3gica damos mais um passo para saber sobre a poss\u00edvel circula\u00e7\u00e3o do v\u00edrus. Com isso, poderemos atuar em tempo oportuno caso haja alguma confirma\u00e7\u00e3o, ampliando nosso poder de resposta\u201d, diz o secret\u00e1rio Andr\u00e9 Longo.<\/p>\n<p style=\"text-align: justify;\">O Lacen-PE tamb\u00e9m ir\u00e1 capacitar profissionais de laborat\u00f3rio dos munic\u00edpios com mais de 100 mil habitantes para que eles possam realizar a sorologia para dengue e chikungunya. Atualmente, Recife, Olinda, Jaboat\u00e3o dos Guararapes, Cabo e Camaragibe j\u00e1 fazem esse exame laboratorial.<\/p>\n<p style=\"text-align: justify;\">*MONITORAMENTO \u2013* Em 2020, o Estado dar\u00e1 continuidade \u00e0s entregas do smartphones com acesso ao aplicativo e-visit@PE para os agentes comunit\u00e1rios de endemias (ACE), coordenadores, supervisores e t\u00e9cnicos dos munic\u00edpios. No ambiente on-line do e-visit@PE, os trabalhadores t\u00eam acesso \u00e0s informa\u00e7\u00f5es de toda a sua \u00e1rea de atua\u00e7\u00e3o e poder\u00e3o informar as casas visitadas e quais recusaram ou estavam fechadas; os focos positivos para o Aedes aegypti, quantos foram tratados, entre outros dados. Antes da entrega dos smartphones, os agentes de endemias e gestores municipais foram treinados para utilizar a tecnologia. No per\u00edodo de prepara\u00e7\u00e3o tamb\u00e9m foi preciso fazer o cadastro de todos os domic\u00edlios dos munic\u00edpios.<\/p>\n<p style=\"text-align: justify;\">\u201cO e-visit@PE chegou com o intuito de agilizar a consolida\u00e7\u00e3o dos dados das visitas domiciliares. Isso possibilita que os munic\u00edpios e o Estado tenham acesso di\u00e1rio aos dados colhidos e, com isso, possam desencadear a\u00e7\u00f5es em tempo oportuno. Com o aplicativo, \u00e9 poss\u00edvel, por exemplo, ter uma geolocaliza\u00e7\u00e3o das \u00e1reas com maior n\u00famero de focos, o que \u00e9 essencial para realizar o controle vetorial do Aedes\u201d, pontua Longo.<\/p>\n<p style=\"text-align: justify;\">At\u00e9 o momento, j\u00e1 foram entregues 1.423 smartphones para profissionais de 92 munic\u00edpios das seguintes Geres: IV (Caruaru), VI (Arcoverde), VII (Salgueiro), VIII (Petrolina), IX (Ouricuri), X (Afogados da Ingazeira) e XI (Serra Talhada). Os profissionais da V (Garanhuns) e XII Geres (Goiana) j\u00e1 foram capacitados para uso da ferramenta e a entrega dos aparelhos ser\u00e1 feita em breve. A expectativa \u00e9 que em mar\u00e7o j\u00e1 seja feita a entrega para a XII Geres. Ainda neste ano, ser\u00e3o capacitadas as equipes da I (Recife), II (Limoeiro) e III (Palmares) Geres. Com mais essas localidades, somar\u00e3o mais de 4 mil smartphones entregues.<\/p>\n<p style=\"text-align: justify;\">*MOBILIZA\u00c7\u00c3O SOCIAL E ENGAJAMENTO -* A partir de mar\u00e7o, a campanha de m\u00eddia \u201csem mosquito n\u00e3o tem doen\u00e7a\u201d ser\u00e1 colocada nas ruas para informar \u00e0 popula\u00e7\u00e3o sobre medidas de controle para evitar o nascimento do mosquito Aedes aegypti. A iniciativa contar\u00e1 com diversas pe\u00e7as para m\u00eddias digital e imprensa, al\u00e9m de panfletos e cartazes para a popula\u00e7\u00e3o e unidades de<\/p>\n<p style=\"text-align: justify;\">A campanha de m\u00eddia refor\u00e7a a import\u00e2ncia de manter recipientes com \u00e1gua devidamente cobertos ou tampados. Quando n\u00e3o est\u00e3o em uso, baldes, caixa d\u2019\u00e1gua e garrafas devem ser guardados em local coberto e com a boca para baixo. O trabalho lembra ainda da aten\u00e7\u00e3o que deve ser dada \u00e0s calhas e lajes, aos vasos de planta e \u00e0s piscinas, locais que facilmente podem se transformar em criadouros para o mosquito Aedes aegypti.<\/p>\n<p style=\"text-align: justify;\">A Secretaria Estadual de Sa\u00fade refor\u00e7a a necessidade da popula\u00e7\u00e3o se engajar na luta contra o Aedes aegpyti. Adotar algumas medidas no dia a dia, como manter os reservat\u00f3rios de \u00e1gua sempre tampados e com a higieniza\u00e7\u00e3o em dia, s\u00e3o essenciais no combate ao mosquito. \u201cO Governo de Pernambuco atua constantemente no enfrentamento ao Aedes, com a\u00e7\u00f5es de preven\u00e7\u00e3o, vigil\u00e2ncia e assist\u00eancia \u00e0 sa\u00fade, mas a popula\u00e7\u00e3o tamb\u00e9m precisa fazer sua parte. \u00c9 essencial que cada cidad\u00e3o pernambucano se conscientize sobre as arboviroses e busque informa\u00e7\u00f5es oficiais sobre como combater o mosquito, procurando adotar h\u00e1bitos no cotidiano que evitem ou eliminem focos do mosquito\u201d, finaliza o secret\u00e1rio.<\/p>\n<p style=\"text-align: justify;\">*WOLBACHIA EM PETROLINA -* Ainda neste ano, o Minist\u00e9rio da Sa\u00fade e a Fiocruz, em parceria com a Prefeitura de Petrolina e o apoio da SES-PE, iniciam na cidade do sert\u00e3o pernambucano o projeto do M\u00e9todo Wolbachia, desenvolvido pelo World Mosquito Program (WMP), iniciativa sem fins lucrativos presente em 12 pa\u00edses. A Wolbachia \u00e9 uma bact\u00e9ria presente em mais de 60% dos insetos no mundo. Em laborat\u00f3rio, os pesquisadores do WMP conseguiram introduzir esta bact\u00e9ria, que foi retirada da mosca-da-fruta, dentro dos ovos de Aedes aegypti. Com isso, foi poss\u00edvel reduzir drasticamente o poder de transmiss\u00e3o da dengue, chikungunya e zika pelos mosquitos infectados.<\/p>\n<p style=\"text-align: justify;\">Para a realiza\u00e7\u00e3o desse trabalho, est\u00e1 sendo feito um levantamento da popula\u00e7\u00e3o e dos bairros de Petrolina para avaliar a quantidade de mosquitos que ser\u00e3o necess\u00e1rios para dispersar na natureza. Antes desse trabalho, a Prefeitura de Petrolina, com suporte das equipes do WMP Brasil\/Fiocruz, far\u00e1 um engajamento comunit\u00e1rio, dialogando com a popula\u00e7\u00e3o e institui\u00e7\u00f5es do territ\u00f3rio para compartilhar informa\u00e7\u00f5es sobre a iniciativa. As atividades s\u00e3o focadas no setor de sa\u00fade, escolas e de lideran\u00e7as sociais. Al\u00e9m disso, ser\u00e1 constitu\u00eddo um Grupo Comunit\u00e1rio de Refer\u00eancia, comit\u00ea local que acompanha todas as a\u00e7\u00f5es realizadas na localidade, e canais de comunica\u00e7\u00e3o abertos, por telefone, e-mail e m\u00eddias sociais.<\/p>\n<p style=\"text-align: justify;\">Ap\u00f3s a etapa de engajamento, come\u00e7a a libera\u00e7\u00e3o dos mosquitos Aedes aegypti com a bact\u00e9ria Wolbachia no territ\u00f3rio. Os mosquitos s\u00e3o criados em uma biof\u00e1brica, que possui caracter\u00edsticas de umidade e temperatura similares a que os mosquitos encontram no ambiente externo. Uma \u00e1rea da VIII Ger\u00eancia Estadual de Sa\u00fade (Geres), com sede em Petrolina, ser\u00e1 reformada e posteriormente receber\u00e1 ovos com Wolbachia provenientes da Fiocruz Rio de Janeiro, para cria\u00e7\u00e3o da col\u00f4nia e libera\u00e7\u00e3o semanal de mosquitos conforme plano operacional a ser definido. Por fim, haver\u00e1 o monitoramento para avaliar o estabelecimento do projeto.<\/p>\n<p style=\"text-align: justify;\">*ALDEIA -* Ap\u00f3s an\u00e1lises, o Programa de Controle das Arboviroses, em parceria com a Universidade Federal Rural de Pernambuco (UFRPE) e o Instituto Evandro Chagas, no Par\u00e1, fechou o diagn\u00f3stico de herpes como causa do \u00f3bito dos macacos em Aldeia, entre o final de dezembro de 2019 e in\u00edcio de janeiro de 2020. Dos 17 animais coletados, 6 estavam em condi\u00e7\u00f5es para as an\u00e1lises. Anteriormente, j\u00e1 havia sido descartada a possibilidade de febre amarela. Tamb\u00e9m deram negativos os exames para raiva. Al\u00e9m disso, foi descartado o ciclo silvestre do zika, por n\u00e3o ter sido encontrado o mosquito transmissor.<\/p>\n<p style=\"text-align: justify;\">*IMUNIZA\u00c7\u00c3O \u2013* \u00c9 importante destacar que, desde janeiro de 2020, a vacina contra a febre amarela, doen\u00e7a sem confirma\u00e7\u00e3o no Estado desde 1938, est\u00e1 dispon\u00edvel para mais de 1 milh\u00e3o de pessoas das III e V Geres, que englobam 43 munic\u00edpios da Zona da Mata e do Agreste. A partir de mar\u00e7o, todo o Estado far\u00e1 a imuniza\u00e7\u00e3o, totalizando mais de 8 milh\u00f5es de pernambucanos.<\/p>\n<p style=\"text-align: justify;\">A vacina contra a febre amarela \u00e9 indicada para a popula\u00e7\u00e3o entre 9 meses e 59 anos. O esquema vacinal completo ser\u00e1 de uma dose da vacina aos 9 meses de vida da crian\u00e7a e outra dose de refor\u00e7o aos 4 anos de idade.<\/p>\n<p style=\"text-align: justify;\">Crian\u00e7as, jovens, adolescentes e adultos, de 5 a 59 anos, que nunca foram vacinadas ou sem comprovante de vacina\u00e7\u00e3o, devem tomar apenas uma dose da vacina. Quem j\u00e1 recebeu uma dose da vacina acima de 5 anos de idade pode ser considerado vacinado.<\/p>\n<p style=\"text-align: justify;\">Gestantes e mulheres que estejam amamentando crian\u00e7as com at\u00e9 6 meses de vida que nunca foram vacinadas ou sem comprovante de vacina\u00e7\u00e3o n\u00e3o t\u00eam indica\u00e7\u00e3o para imuniza\u00e7\u00e3o.<\/p>\n<p style=\"text-align: justify;\">Para pessoas com 60 anos ou mais que nunca foram vacinadas ou sem comprovante de vacina\u00e7\u00e3o, o servi\u00e7o de sa\u00fade dever\u00e1 avaliar a pertin\u00eancia da vacina\u00e7\u00e3o, levando em conta o risco da doen\u00e7a e o risco de eventos adversos nessa faixa et\u00e1ria e\/ou decorrentes de comorbidades.<\/p>\n<p style=\"text-align: justify;\">No caso de viajantes internacionais, a orienta\u00e7\u00e3o \u00e9 seguir o Regulamento Sanit\u00e1rio Internacional (RSI) que recomenda uma \u00fanica dose na vida. O viajante dever\u00e1 se vacinar pelo menos 10 dias antes da viagem.<\/p>\n<p style=\"text-align: justify;\">*V\u00cdRUS E DOEN\u00c7AS*<br \/>\nZIKA \u2013 Doen\u00e7a viral aguda transmitida pelo mosquito Aedes aegypti e caracterizada pelo aparecimento de manchas avermelhadas pela pele, febre baixa ou inexistente, dores articulares ou musculares, dor de cabe\u00e7a, coceira. Os sintomas desaparecem entre o 3\u00ba e o 7\u00ba dia. De acordo com o Minist\u00e9rio da Sa\u00fade, na literatura, 80% dos casos das pessoas infectadas n\u00e3o desenvolvem manifesta\u00e7\u00f5es cl\u00ednicas.<\/p>\n<p style=\"text-align: justify;\">O v\u00edrus Zika foi isolado pela primeira vez em primatas n\u00e3o humanos em Uganda, na floresta de Zika em 1947. Entre 1951 a 2013, evid\u00eancias sorol\u00f3gicas em humanos foram notificadas em pa\u00edses da \u00c1frica (Uganda, Tanz\u00e2nia, Egito, Rep\u00fablica da \u00c1frica Central, Serra Leoa e Gab\u00e3o), \u00c1sia (\u00cdndia, Mal\u00e1sia, Filipinas, Tail\u00e2ndia, Vietn\u00e3 e Indon\u00e9sia) e Oceania (Micron\u00e9sia e Polin\u00e9sia Francesa). Nas Am\u00e9ricas, o Zika V\u00edrus somente foi identificado na Ilha de P\u00e1scoa, territ\u00f3rio do Chile no oceano Pac\u00edfico, no in\u00edcio de 2014. No Brasil e em Pernambuco, a primeira confirma\u00e7\u00e3o ocorreu em 2015.<\/p>\n<p style=\"text-align: justify;\">CHIKUNGUNYA \u2013 Doen\u00e7a transmitida por mosquitos do g\u00eanero Aedes, sendo Aedes aegypti e Aedes albopictus os principais vetores. \u00c9 caracterizada por febre alta, dores articulares ou artrite intensa com in\u00edcio agudo, podendo estar associados \u00e0 cefal\u00e9ia (dores de cabe\u00e7a), mialgias (dores musculares) e exantema (manchas avermelhadas na pele). Alguns dos sintomas, como as dores articulares, podem se tornar cr\u00f4nicos.<\/p>\n<p style=\"text-align: justify;\">Os primeiros casos de chikungunya ocorreram na Tans\u00e2nia, leste africano, entre 1952 e 1953, e de l\u00e1 se espalharam pela \u00c1frica. Na \u00c1sia, os primeiros registros foram entre 2004 e 2005 e no Caribe, 2013. No Brasil, os primeiros casos confirmados foram em 2014. Em Pernambuco, o primeiro caso aut\u00f3ctone foi em 2015.<\/p>\n<p style=\"text-align: justify;\">DENGUE \u2013 Doen\u00e7a infecciosa causada por um v\u00edrus transmitido pelo mosquito Aedes aegypti. Seus sintomas s\u00e3o: dor de cabe\u00e7a, nos m\u00fasculos, juntas e olhos; manchas vermelhas no corpo e febre alta por cerca de uma semana; v\u00f4mito, diarreia e falta de apetite. Nos casos mais graves, pode ocorrer dor abdominal, tonturas, desmaios; sangramento nas gengivas, nariz e outros locais do corpo; suor frio, fezes escuras e v\u00f4mito.<\/p>\n<p style=\"text-align: justify;\">*Cuidados importantes para eliminar os focos dos mosquitos:*<br \/>\n&#8211; Mantenha bem tampados caixas d\u2019\u00e1gua, jarras, cisternas, po\u00e7os ou qualquer outro reservat\u00f3rio de \u00e1gua.<br \/>\n&#8211; Mantenha as lixeiras tampadas e secas. Nunca jogue lixo em terrenos baldios.<br \/>\n&#8211; Coloque no lixo todo objeto que possa acumular \u00e1gua. O lixo deve ser colocado em sacos pl\u00e1sticos bem fechados.<br \/>\n&#8211; Lave os bebedouros de animais com uma bucha pelo menos uma vez por semana e troque a \u00e1gua todos os dias.<br \/>\n&#8211; Cubra e guarde os pneus em locais secos, protegidos das chuvas.<br \/>\n&#8211; Guarde as garrafas secas de cabe\u00e7a para baixo e n\u00e3o deixe no quintal objetos que acumulem \u00e1gua.<br \/>\n&#8211; Encha os pratinhos de plantas com areia.<br \/>\n&#8211; Retire a \u00e1gua acumulada sobre a laje.<br \/>\n&#8211; Mantenha as calhas d\u2019\u00e1gua limpas.<\/p>\n","protected":false},"excerpt":{"rendered":"<p>Ap\u00f3s uma epidemia de dengue, chikungunya e zika entre 2015 e 2016, os dois anos subsequentes tiveram uma redu\u00e7\u00e3o dr\u00e1stica&hellip;<\/p>\n","protected":false},"author":1,"featured_media":51978,"comment_status":"open","ping_status":"open","sticky":false,"template":"","format":"standard","meta":{"footnotes":""},"categories":[14120],"tags":[17325,2,16881,17324],"class_list":["post-51977","post","type-post","status-publish","format-standard","has-post-thumbnail","hentry","category-noticias","tag-8-milhoes-nas-acoes-de-controle-e-combate-as-arboviroses","tag-blog-do-edvaldo-magalhaes","tag-caruaru-e-regiao","tag-governo-de-pernambuco-investe-r-8"],"_links":{"self":[{"href":"https:\/\/blogdoedvaldomagalhaes.com.br\/index.php\/wp-json\/wp\/v2\/posts\/51977","targetHints":{"allow":["GET"]}}],"collection":[{"href":"https:\/\/blogdoedvaldomagalhaes.com.br\/index.php\/wp-json\/wp\/v2\/posts"}],"about":[{"href":"https:\/\/blogdoedvaldomagalhaes.com.br\/index.php\/wp-json\/wp\/v2\/types\/post"}],"author":[{"embeddable":true,"href":"https:\/\/blogdoedvaldomagalhaes.com.br\/index.php\/wp-json\/wp\/v2\/users\/1"}],"replies":[{"embeddable":true,"href":"https:\/\/blogdoedvaldomagalhaes.com.br\/index.php\/wp-json\/wp\/v2\/comments?post=51977"}],"version-history":[{"count":1,"href":"https:\/\/blogdoedvaldomagalhaes.com.br\/index.php\/wp-json\/wp\/v2\/posts\/51977\/revisions"}],"predecessor-version":[{"id":51979,"href":"https:\/\/blogdoedvaldomagalhaes.com.br\/index.php\/wp-json\/wp\/v2\/posts\/51977\/revisions\/51979"}],"wp:featuredmedia":[{"embeddable":true,"href":"https:\/\/blogdoedvaldomagalhaes.com.br\/index.php\/wp-json\/wp\/v2\/media\/51978"}],"wp:attachment":[{"href":"https:\/\/blogdoedvaldomagalhaes.com.br\/index.php\/wp-json\/wp\/v2\/media?parent=51977"}],"wp:term":[{"taxonomy":"category","embeddable":true,"href":"https:\/\/blogdoedvaldomagalhaes.com.br\/index.php\/wp-json\/wp\/v2\/categories?post=51977"},{"taxonomy":"post_tag","embeddable":true,"href":"https:\/\/blogdoedvaldomagalhaes.com.br\/index.php\/wp-json\/wp\/v2\/tags?post=51977"}],"curies":[{"name":"wp","href":"https:\/\/api.w.org\/{rel}","templated":true}]}}