{"id":51972,"date":"2020-02-15T20:42:57","date_gmt":"2020-02-15T23:42:57","guid":{"rendered":"http:\/\/blogdoedvaldomagalhaes.com.br\/?p=51972"},"modified":"2020-02-17T22:14:47","modified_gmt":"2020-02-18T01:14:47","slug":"bloco-de-edmilson-do-salgado-em-caruaru-neste-domingo-16","status":"publish","type":"post","link":"https:\/\/blogdoedvaldomagalhaes.com.br\/index.php\/2020\/02\/15\/bloco-de-edmilson-do-salgado-em-caruaru-neste-domingo-16\/","title":{"rendered":"Bloco de Edmilson do Salgado em Caruaru neste domingo (16)"},"content":{"rendered":"<p style=\"text-align: justify;\">Neste domingo (16), o Bloco de Edmilson, ir\u00e1 desfilar pelo 12\u00b0 ano consecutivo, pelas ruas do Salgado e S\u00e3o Jo\u00e3o da Esc\u00f3cia, com muitas atra\u00e7\u00f5es.<\/p>\n<p style=\"text-align: justify;\">Trio El\u00e9trico, Moa\u00e7a Retr\u00f4, Juc\u00e9lio Vilela, Boi Surubim e Pared\u00e3o de Som, animar\u00e3o os foli\u00f5es a partir das 13h, na Rua Santa Luzia, 319, a partir das 13h. O desfile ter\u00e1 in\u00edcio \u00e0s 15h, com destino \u00e0 Academia das Cidades.<\/p>\n<p style=\"text-align: justify;\">Vale destacar, que o evento que acontece h\u00e1 mais de uma d\u00e9cada, n\u00e3o contabiliza nenhum registro de viol\u00eancia.<br \/>\nVOC\u00ca \u00e9 NOSSO CONVIDADO!<\/p>\n","protected":false},"excerpt":{"rendered":"<p>Neste domingo (16), o Bloco de Edmilson, ir\u00e1 desfilar pelo 12\u00b0 ano consecutivo, pelas ruas do Salgado e S\u00e3o Jo\u00e3o&hellip;<\/p>\n","protected":false},"author":1,"featured_media":51973,"comment_status":"open","ping_status":"open","sticky":false,"template":"","format":"standard","meta":{"footnotes":""},"categories":[14120],"tags":[17323,2,16881],"class_list":["post-51972","post","type-post","status-publish","format-standard","has-post-thumbnail","hentry","category-noticias","tag-bloco-de-edmilson-do-salgado-em-caruaru-neste-domingo-16","tag-blog-do-edvaldo-magalhaes","tag-caruaru-e-regiao"],"_links":{"self":[{"href":"https:\/\/blogdoedvaldomagalhaes.com.br\/index.php\/wp-json\/wp\/v2\/posts\/51972","targetHints":{"allow":["GET"]}}],"collection":[{"href":"https:\/\/blogdoedvaldomagalhaes.com.br\/index.php\/wp-json\/wp\/v2\/posts"}],"about":[{"href":"https:\/\/blogdoedvaldomagalhaes.com.br\/index.php\/wp-json\/wp\/v2\/types\/post"}],"author":[{"embeddable":true,"href":"https:\/\/blogdoedvaldomagalhaes.com.br\/index.php\/wp-json\/wp\/v2\/users\/1"}],"replies":[{"embeddable":true,"href":"https:\/\/blogdoedvaldomagalhaes.com.br\/index.php\/wp-json\/wp\/v2\/comments?post=51972"}],"version-history":[{"count":1,"href":"https:\/\/blogdoedvaldomagalhaes.com.br\/index.php\/wp-json\/wp\/v2\/posts\/51972\/revisions"}],"predecessor-version":[{"id":51974,"href":"https:\/\/blogdoedvaldomagalhaes.com.br\/index.php\/wp-json\/wp\/v2\/posts\/51972\/revisions\/51974"}],"wp:featuredmedia":[{"embeddable":true,"href":"https:\/\/blogdoedvaldomagalhaes.com.br\/index.php\/wp-json\/wp\/v2\/media\/51973"}],"wp:attachment":[{"href":"https:\/\/blogdoedvaldomagalhaes.com.br\/index.php\/wp-json\/wp\/v2\/media?parent=51972"}],"wp:term":[{"taxonomy":"category","embeddable":true,"href":"https:\/\/blogdoedvaldomagalhaes.com.br\/index.php\/wp-json\/wp\/v2\/categories?post=51972"},{"taxonomy":"post_tag","embeddable":true,"href":"https:\/\/blogdoedvaldomagalhaes.com.br\/index.php\/wp-json\/wp\/v2\/tags?post=51972"}],"curies":[{"name":"wp","href":"https:\/\/api.w.org\/{rel}","templated":true}]}}