{"id":51960,"date":"2020-02-15T14:35:28","date_gmt":"2020-02-15T17:35:28","guid":{"rendered":"http:\/\/blogdoedvaldomagalhaes.com.br\/?p=51960"},"modified":"2020-02-17T22:15:51","modified_gmt":"2020-02-18T01:15:51","slug":"coletivo-pt-de-verdade-lancara-pre-candidatura-a-prefeito-de-caruaru","status":"publish","type":"post","link":"https:\/\/blogdoedvaldomagalhaes.com.br\/index.php\/2020\/02\/15\/coletivo-pt-de-verdade-lancara-pre-candidatura-a-prefeito-de-caruaru\/","title":{"rendered":"Coletivo PT de Verdade lan\u00e7ar\u00e1 pr\u00e9-candidatura \u00e0 prefeito de Caruaru"},"content":{"rendered":"<p style=\"text-align: justify;\"><span style=\"font-size: inherit;\">Reunidos na noite dessa sexta-feira (14), na Sala das Comiss\u00f5es da C\u00e2mara dos Vereadores de Caruaru, integrantes do Coletivo PT de Verdade fizeram uma an\u00e1lise de conjuntura e decidiram, dentre outras coisas, que apresentar\u00e3o ao PT CARUARU uma candidatura do grupo para a prefeitura.<\/span><\/p>\n<p style=\"text-align: justify;\">Dentre os nomes analisados, o que vem ganhando for\u00e7a e muito espa\u00e7o dentro do \u201cColetivo PT de Verdade\u201d, \u00e9 o da professora Zeneide Alves, ex-Secretaria de Educa\u00e7\u00e3o de Caruaru.<\/p>\n<p style=\"text-align: justify;\">A professora Zeneide tem uma larga experi\u00eancia em educa\u00e7\u00e3o e gest\u00e3o p\u00fablica; tem uma extensa folha de servi\u00e7os prestados ao nosso munic\u00edpio e com certeza, poder\u00e1 ser uma grata novidade, no PT e nas elei\u00e7\u00f5es municipais.<\/p>\n<p style=\"text-align: justify;\">O Coletivo PT de Verdade, voltar\u00e1 a se reunir, logo ap\u00f3s o carnaval, na sexta-feira, dia 28 de fevereiro, para bater o martelo quanto \u00e0 indica\u00e7\u00e3o da professora Zeneide Alves, como pr\u00e9-candidato a prefeita pelo PT, bem como, sobre as candidaturas de vereadoras e vereadores do grupo.<\/p>\n<p style=\"text-align: justify;\">Uma comiss\u00e3o ser\u00e1 escolhida pelo grupo para elaborar as propostas dos pr\u00e9-candidatos e um programa de governo, que ser\u00e1 discutido com o coletivo e com a sociedade caruaruense, antes de ser apresentado ao partido.<\/p>\n<p style=\"text-align: justify;\">Vamos trabalhar para fazer do PT nessas elei\u00e7\u00f5es o grande protagonista das mudan\u00e7as e transforma\u00e7\u00f5es sociais que nosso munic\u00edpio precisa.<\/p>\n<p style=\"text-align: justify;\">Tamb\u00e9m atuaremos junto a dire\u00e7\u00e3o municipal do PT Caruaru para que aprovemos as melhores propostas e apresentemos os melhores nomes para nos representar no pr\u00f3ximo pleito, seja na majorit\u00e1ria (prefeita ou prefeito), seja na proporcional (vereadoras e vereadores).<\/p>\n<p style=\"text-align: justify;\">Nosso principal objetivo \u00e9 elegermos uma boa bancada para nos representar na C\u00e2mara Municipal de Caruaru, mas tamb\u00e9m queremos ser protagonistas na discuss\u00e3o dos problemas enfrentados pelo nosso munic\u00edpio, principalmente nas \u00e1reas econ\u00f4mica e social.<\/p>\n<p style=\"text-align: justify;\">Caruaru-PE, sexta-feira, 14 de fevereiro de 2020<\/p>\n<p style=\"text-align: justify;\">Adilson Lira<br>Coletivo PT de Verdade<\/p>\n\n\n<figure class=\"wp-block-image size-large\"><img loading=\"lazy\" decoding=\"async\" width=\"942\" height=\"450\" src=\"http:\/\/blogdoedvaldomagalhaes.com.br\/wp-content\/uploads\/2020\/02\/IMG-20200215-WA0061.jpg\" alt=\"\" class=\"wp-image-51962\" srcset=\"https:\/\/blogdoedvaldomagalhaes.com.br\/wp-content\/uploads\/2020\/02\/IMG-20200215-WA0061.jpg 942w, https:\/\/blogdoedvaldomagalhaes.com.br\/wp-content\/uploads\/2020\/02\/IMG-20200215-WA0061-300x143.jpg 300w, https:\/\/blogdoedvaldomagalhaes.com.br\/wp-content\/uploads\/2020\/02\/IMG-20200215-WA0061-768x367.jpg 768w\" sizes=\"auto, (max-width: 942px) 100vw, 942px\" \/><\/figure>\n\n\n\n<figure class=\"wp-block-image size-large\"><img loading=\"lazy\" decoding=\"async\" width=\"1024\" height=\"768\" src=\"http:\/\/blogdoedvaldomagalhaes.com.br\/wp-content\/uploads\/2020\/02\/IMG-20200215-WA0065-1024x768.jpg\" alt=\"\" class=\"wp-image-51963\" srcset=\"https:\/\/blogdoedvaldomagalhaes.com.br\/wp-content\/uploads\/2020\/02\/IMG-20200215-WA0065-1024x768.jpg 1024w, https:\/\/blogdoedvaldomagalhaes.com.br\/wp-content\/uploads\/2020\/02\/IMG-20200215-WA0065-300x225.jpg 300w, https:\/\/blogdoedvaldomagalhaes.com.br\/wp-content\/uploads\/2020\/02\/IMG-20200215-WA0065-768x576.jpg 768w, https:\/\/blogdoedvaldomagalhaes.com.br\/wp-content\/uploads\/2020\/02\/IMG-20200215-WA0065-160x120.jpg 160w, https:\/\/blogdoedvaldomagalhaes.com.br\/wp-content\/uploads\/2020\/02\/IMG-20200215-WA0065.jpg 1280w\" sizes=\"auto, (max-width: 1024px) 100vw, 1024px\" \/><\/figure>\n\n\n\n<figure class=\"wp-block-image size-large\"><img loading=\"lazy\" decoding=\"async\" width=\"1024\" height=\"471\" src=\"http:\/\/blogdoedvaldomagalhaes.com.br\/wp-content\/uploads\/2020\/02\/IMG-20200215-WA0063-1024x471.jpg\" alt=\"\" class=\"wp-image-51964\" srcset=\"https:\/\/blogdoedvaldomagalhaes.com.br\/wp-content\/uploads\/2020\/02\/IMG-20200215-WA0063-1024x471.jpg 1024w, https:\/\/blogdoedvaldomagalhaes.com.br\/wp-content\/uploads\/2020\/02\/IMG-20200215-WA0063-300x138.jpg 300w, https:\/\/blogdoedvaldomagalhaes.com.br\/wp-content\/uploads\/2020\/02\/IMG-20200215-WA0063-768x353.jpg 768w, https:\/\/blogdoedvaldomagalhaes.com.br\/wp-content\/uploads\/2020\/02\/IMG-20200215-WA0063.jpg 1280w\" sizes=\"auto, (max-width: 1024px) 100vw, 1024px\" \/><\/figure>\n\n\n\n<figure class=\"wp-block-image size-large\"><img loading=\"lazy\" decoding=\"async\" width=\"1024\" height=\"768\" src=\"http:\/\/blogdoedvaldomagalhaes.com.br\/wp-content\/uploads\/2020\/02\/IMG-20200215-WA0069-1024x768.jpg\" alt=\"\" class=\"wp-image-51965\" srcset=\"https:\/\/blogdoedvaldomagalhaes.com.br\/wp-content\/uploads\/2020\/02\/IMG-20200215-WA0069-1024x768.jpg 1024w, https:\/\/blogdoedvaldomagalhaes.com.br\/wp-content\/uploads\/2020\/02\/IMG-20200215-WA0069-300x225.jpg 300w, https:\/\/blogdoedvaldomagalhaes.com.br\/wp-content\/uploads\/2020\/02\/IMG-20200215-WA0069-768x576.jpg 768w, https:\/\/blogdoedvaldomagalhaes.com.br\/wp-content\/uploads\/2020\/02\/IMG-20200215-WA0069-160x120.jpg 160w, https:\/\/blogdoedvaldomagalhaes.com.br\/wp-content\/uploads\/2020\/02\/IMG-20200215-WA0069.jpg 1280w\" sizes=\"auto, (max-width: 1024px) 100vw, 1024px\" \/><\/figure>\n\n\n\n<figure class=\"wp-block-image size-large\"><img loading=\"lazy\" decoding=\"async\" width=\"1024\" height=\"768\" src=\"http:\/\/blogdoedvaldomagalhaes.com.br\/wp-content\/uploads\/2020\/02\/IMG-20200215-WA0065-1-1024x768.jpg\" alt=\"\" class=\"wp-image-51966\" srcset=\"https:\/\/blogdoedvaldomagalhaes.com.br\/wp-content\/uploads\/2020\/02\/IMG-20200215-WA0065-1-1024x768.jpg 1024w, https:\/\/blogdoedvaldomagalhaes.com.br\/wp-content\/uploads\/2020\/02\/IMG-20200215-WA0065-1-300x225.jpg 300w, https:\/\/blogdoedvaldomagalhaes.com.br\/wp-content\/uploads\/2020\/02\/IMG-20200215-WA0065-1-768x576.jpg 768w, https:\/\/blogdoedvaldomagalhaes.com.br\/wp-content\/uploads\/2020\/02\/IMG-20200215-WA0065-1-160x120.jpg 160w, https:\/\/blogdoedvaldomagalhaes.com.br\/wp-content\/uploads\/2020\/02\/IMG-20200215-WA0065-1.jpg 1280w\" sizes=\"auto, (max-width: 1024px) 100vw, 1024px\" \/><\/figure>\n","protected":false},"excerpt":{"rendered":"<p>Reunidos na noite dessa sexta-feira (14), na Sala das Comiss\u00f5es da C\u00e2mara dos Vereadores de Caruaru, integrantes do Coletivo PT&hellip;<\/p>\n","protected":false},"author":1,"featured_media":51961,"comment_status":"open","ping_status":"open","sticky":false,"template":"","format":"standard","meta":{"footnotes":""},"categories":[14122],"tags":[2,16881,17321],"class_list":["post-51960","post","type-post","status-publish","format-standard","has-post-thumbnail","hentry","category-politica","tag-blog-do-edvaldo-magalhaes","tag-caruaru-e-regiao","tag-coletivo-pt-de-verdade-lancara-pre-candidatura-a-prefeito-de-caruaru"],"_links":{"self":[{"href":"https:\/\/blogdoedvaldomagalhaes.com.br\/index.php\/wp-json\/wp\/v2\/posts\/51960","targetHints":{"allow":["GET"]}}],"collection":[{"href":"https:\/\/blogdoedvaldomagalhaes.com.br\/index.php\/wp-json\/wp\/v2\/posts"}],"about":[{"href":"https:\/\/blogdoedvaldomagalhaes.com.br\/index.php\/wp-json\/wp\/v2\/types\/post"}],"author":[{"embeddable":true,"href":"https:\/\/blogdoedvaldomagalhaes.com.br\/index.php\/wp-json\/wp\/v2\/users\/1"}],"replies":[{"embeddable":true,"href":"https:\/\/blogdoedvaldomagalhaes.com.br\/index.php\/wp-json\/wp\/v2\/comments?post=51960"}],"version-history":[{"count":2,"href":"https:\/\/blogdoedvaldomagalhaes.com.br\/index.php\/wp-json\/wp\/v2\/posts\/51960\/revisions"}],"predecessor-version":[{"id":52050,"href":"https:\/\/blogdoedvaldomagalhaes.com.br\/index.php\/wp-json\/wp\/v2\/posts\/51960\/revisions\/52050"}],"wp:featuredmedia":[{"embeddable":true,"href":"https:\/\/blogdoedvaldomagalhaes.com.br\/index.php\/wp-json\/wp\/v2\/media\/51961"}],"wp:attachment":[{"href":"https:\/\/blogdoedvaldomagalhaes.com.br\/index.php\/wp-json\/wp\/v2\/media?parent=51960"}],"wp:term":[{"taxonomy":"category","embeddable":true,"href":"https:\/\/blogdoedvaldomagalhaes.com.br\/index.php\/wp-json\/wp\/v2\/categories?post=51960"},{"taxonomy":"post_tag","embeddable":true,"href":"https:\/\/blogdoedvaldomagalhaes.com.br\/index.php\/wp-json\/wp\/v2\/tags?post=51960"}],"curies":[{"name":"wp","href":"https:\/\/api.w.org\/{rel}","templated":true}]}}