{"id":51956,"date":"2020-02-15T13:18:05","date_gmt":"2020-02-15T16:18:05","guid":{"rendered":"http:\/\/blogdoedvaldomagalhaes.com.br\/?p=51956"},"modified":"2020-02-17T22:16:25","modified_gmt":"2020-02-18T01:16:25","slug":"oab-caruaru-lanca-campanha-de-conscientizacao-sobre-a-presenca-de-animais-nas-rodovias","status":"publish","type":"post","link":"https:\/\/blogdoedvaldomagalhaes.com.br\/index.php\/2020\/02\/15\/oab-caruaru-lanca-campanha-de-conscientizacao-sobre-a-presenca-de-animais-nas-rodovias\/","title":{"rendered":"OAB Caruaru lan\u00e7a campanha de conscientiza\u00e7\u00e3o sobre a presen\u00e7a de animais nas rodovias"},"content":{"rendered":"<p style=\"text-align: justify;\"><span style=\"font-size: inherit;\">Visando as proximidades do feriado de Carnaval, quando o fluxo nas rodovias aumenta, a OAB Caruaru, por meio da Comiss\u00e3o de Defesa Animal, lan\u00e7ou nesta sexta-feira (14) a campanha &#8220;EU RESPEITO OS ANIMAIS&#8221;, com o objetivo de conscientizar a popula\u00e7\u00e3o sobre os cuidados e a aten\u00e7\u00e3o com os animais presentes nas rodovias.<\/span><\/p>\n<p style=\"text-align: justify;\">O lan\u00e7amento da campanha aconteceu na sala da OAB do F\u00f3rum Estadual de Caruaru, e contou com as presen\u00e7as de integrantes da diretoria da subseccional e representantes da comiss\u00e3o.<\/p>\n<p style=\"text-align: justify;\">A campanha lembra que ao pegar a estrada os motoristas devem ter os cuidados redobrados, j\u00e1 que os animais tamb\u00e9m transitam nas pistas.<\/p>\n<p style=\"text-align: justify;\">A a\u00e7\u00e3o contar\u00e1 com afixa\u00e7\u00e3o de cartazes e entrega de adesivos que estar\u00e3o dispon\u00edveis nos seguintes pontos em Caruaru:<\/p>\n<p style=\"text-align: justify;\">&#8211; Sala da OAB (F\u00f3rum Estadual de Caruaru);<br \/>\n&#8211; Nutriaves Pet Center (Rua Silvino Macedo, 28, Maur\u00edcio de Nassau);<br \/>\n&#8211; Ame Animal (Rua R\u00e1dio Cultura do Nordeste, Indian\u00f3polis).<\/p>\n<p style=\"text-align: justify;\">Qualquer pessoa que tiver interesse pode retirar o adesivo em um dos pontos acima e participar da campanha.<\/p>\n<p style=\"text-align: justify;\">Foto: Divulga\u00e7\u00e3o<\/p>\n","protected":false},"excerpt":{"rendered":"<p>Visando as proximidades do feriado de Carnaval, quando o fluxo nas rodovias aumenta, a OAB Caruaru, por meio da Comiss\u00e3o&hellip;<\/p>\n","protected":false},"author":1,"featured_media":51957,"comment_status":"open","ping_status":"open","sticky":false,"template":"","format":"standard","meta":{"footnotes":""},"categories":[14120],"tags":[2,16881,17320],"class_list":["post-51956","post","type-post","status-publish","format-standard","has-post-thumbnail","hentry","category-noticias","tag-blog-do-edvaldo-magalhaes","tag-caruaru-e-regiao","tag-oab-caruaru-lanca-campanha-de-conscientizacao-sobre-a-presenca-de-animais-nas-rodovias"],"_links":{"self":[{"href":"https:\/\/blogdoedvaldomagalhaes.com.br\/index.php\/wp-json\/wp\/v2\/posts\/51956","targetHints":{"allow":["GET"]}}],"collection":[{"href":"https:\/\/blogdoedvaldomagalhaes.com.br\/index.php\/wp-json\/wp\/v2\/posts"}],"about":[{"href":"https:\/\/blogdoedvaldomagalhaes.com.br\/index.php\/wp-json\/wp\/v2\/types\/post"}],"author":[{"embeddable":true,"href":"https:\/\/blogdoedvaldomagalhaes.com.br\/index.php\/wp-json\/wp\/v2\/users\/1"}],"replies":[{"embeddable":true,"href":"https:\/\/blogdoedvaldomagalhaes.com.br\/index.php\/wp-json\/wp\/v2\/comments?post=51956"}],"version-history":[{"count":1,"href":"https:\/\/blogdoedvaldomagalhaes.com.br\/index.php\/wp-json\/wp\/v2\/posts\/51956\/revisions"}],"predecessor-version":[{"id":51958,"href":"https:\/\/blogdoedvaldomagalhaes.com.br\/index.php\/wp-json\/wp\/v2\/posts\/51956\/revisions\/51958"}],"wp:featuredmedia":[{"embeddable":true,"href":"https:\/\/blogdoedvaldomagalhaes.com.br\/index.php\/wp-json\/wp\/v2\/media\/51957"}],"wp:attachment":[{"href":"https:\/\/blogdoedvaldomagalhaes.com.br\/index.php\/wp-json\/wp\/v2\/media?parent=51956"}],"wp:term":[{"taxonomy":"category","embeddable":true,"href":"https:\/\/blogdoedvaldomagalhaes.com.br\/index.php\/wp-json\/wp\/v2\/categories?post=51956"},{"taxonomy":"post_tag","embeddable":true,"href":"https:\/\/blogdoedvaldomagalhaes.com.br\/index.php\/wp-json\/wp\/v2\/tags?post=51956"}],"curies":[{"name":"wp","href":"https:\/\/api.w.org\/{rel}","templated":true}]}}