{"id":51952,"date":"2020-02-15T12:53:44","date_gmt":"2020-02-15T15:53:44","guid":{"rendered":"http:\/\/blogdoedvaldomagalhaes.com.br\/?p=51952"},"modified":"2020-02-17T22:17:23","modified_gmt":"2020-02-18T01:17:23","slug":"confira-a-programacao-do-carnaval-dos-papangus-2020-em-bezerros-pe","status":"publish","type":"post","link":"https:\/\/blogdoedvaldomagalhaes.com.br\/index.php\/2020\/02\/15\/confira-a-programacao-do-carnaval-dos-papangus-2020-em-bezerros-pe\/","title":{"rendered":"Confira a programa\u00e7\u00e3o do Carnaval dos Papangus 2020 em Bezerros-PE"},"content":{"rendered":"<p style=\"text-align: justify;\"><span style=\"font-size: inherit;\">Durante os oito dias ir\u00e3o se apresentar mais de 100 atra\u00e7\u00f5es musicais e culturais nos sete p\u00f3los de anima\u00e7\u00e3o. Confira:<\/span><\/p>\n<p style=\"text-align: justify;\">QG DO FREVO<\/p>\n<p style=\"text-align: justify;\">S\u00c1BADO \u2013 22\/02\/2020<\/p>\n<p style=\"text-align: justify;\">21h \u2013 Geraldinho Lins<\/p>\n<p style=\"text-align: justify;\">DOMINGO \u2013 23\/02\/2020<\/p>\n<p style=\"text-align: justify;\">10h \u2013 Som Brasil<br \/>\n12h \u2013 T\u00e1 de Boa<br \/>\n14h \u2013 Henrique Barbosa<br \/>\n16h \u2013 Banda Santa Clara<br \/>\n18h \u2013 Lady Falc\u00e3o<br \/>\n20h \u2013 Douglas Leon<br \/>\n22h \u2013 Wanessa Roger<\/p>\n<p style=\"text-align: justify;\">SEGUNDA \u2013 24\/02\/2020<\/p>\n<p style=\"text-align: justify;\">12h \u2013 Balan\u00e7o Tropical<br \/>\n14h \u2013 Ax\u00e9 Retr\u00f4 \u2013 Ruy Ara\u00fajo<br \/>\n16h \u2013 Grupo Nuwe<br \/>\n18h \u2013 Elba Ramalho<br \/>\n20h \u2013 Banda Sedutora<br \/>\n22h \u2013 Samara Costa<\/p>\n<p style=\"text-align: justify;\">TER\u00c7A \u2013 25\/02\/2020<\/p>\n<p style=\"text-align: justify;\">12h \u2013 Banda Mega Play<br \/>\n14h \u2013 Elifas J\u00fanior<br \/>\n16h \u2013 Farra dos Tops<br \/>\n18h \u2013 Marreta \u00e9 Massa<br \/>\n20h \u2013 Maria Clara<br \/>\n22h \u2013 Kl\u00e9ver Lemos<\/p>\n<p style=\"text-align: justify;\">PALCO CULTURAL<\/p>\n<p style=\"text-align: justify;\">QUARTA \u2013 19\/02\/2020<\/p>\n<p style=\"text-align: justify;\">20h \u2013 D\u2019Breck<\/p>\n<p style=\"text-align: justify;\">QUINTA \u2013 20\/02\/2020<\/p>\n<p style=\"text-align: justify;\">16h \u2013 Orquestra Black Tie<br \/>\n19h \u2013 Concurso de Passistas<br \/>\n19h30 \u2013 Orquestra Pernambucar\u2019t<\/p>\n<p style=\"text-align: justify;\">SEXTA \u2013 21\/02\/2020<\/p>\n<p style=\"text-align: justify;\">17h \u2013 A Barca Maluka<\/p>\n<p style=\"text-align: justify;\">S\u00c1BADO \u2013 22\/02\/2020<\/p>\n<p style=\"text-align: justify;\">21h \u2013 Orquestra Pernambucar\u2019t<span style=\"font-size: inherit;\">D<\/span><\/p>\n<p style=\"text-align: justify;\"><span style=\"font-size: inherit;\">DOMINGO\u2013 23\/02\/2020<\/span><\/p>\n<p style=\"text-align: justify;\">10h \u2013 Orquestra Tupy<br \/>\n12h \u2013 Benil<br \/>\n14h \u2013 Dudu do Acordeon<br \/>\n16h \u2013 Orquestra Cia do Frevo<br \/>\n18h \u2013 Orquestra C\u00f4nego Alexandre<br \/>\n20h \u2013 Seu Alceu e os Fanfarr\u00f5es<\/p>\n<p style=\"text-align: justify;\">SEGUNDA \u2013 24\/02\/2020<\/p>\n<p style=\"text-align: justify;\">12h \u2013 Mazamorra<br \/>\n14h \u2013 Ciel Santos<br \/>\n16h \u2013 Rodrigo Raposo<br \/>\n18h \u2013 Walter Lins<br \/>\n20h \u2013 Irah Caldeira<\/p>\n<p style=\"text-align: justify;\">TER\u00c7A \u2013 25\/02\/2020<\/p>\n<p style=\"text-align: justify;\">12h \u2013 J\u00f4 Quirino<br \/>\n14h \u2013 Carlinhos Nova<br \/>\n16h \u2013 Anderson Alves e Banda<br \/>\n18h \u2013 Humberto Bonny<br \/>\n20h \u2013 Carlinhos Mello<\/p>\n<p style=\"text-align: justify;\">PRA\u00c7A CENTEN\u00c1RIA<\/p>\n<p style=\"text-align: justify;\">DOMINGO \u2013 23\/02\/2020<\/p>\n<p style=\"text-align: justify;\">09h \u2013 Concurso dos Papangus<br \/>\n12h \u2013 Orquestra Black Tie<br \/>\n14h \u2013 Higor Henrique<br \/>\n16h \u2013 Ezequiel Lima<br \/>\n18h \u2013 Lucas Lima<br \/>\n20h \u2013 L\u00e9o Vibe<\/p>\n<p style=\"text-align: justify;\">SEGUNDA \u2013 24\/02\/2020<\/p>\n<p style=\"text-align: justify;\">12h \u2013 Camila Lira<br \/>\n14h \u2013 Bruninho Lima<br \/>\n16h \u2013 Andr\u00e9 Ferraz<br \/>\n18h \u2013 O Pelot\u00e3o<br \/>\n20h \u2013 Clara Ellys<\/p>\n<p style=\"text-align: justify;\">TER\u00c7A \u2013 25\/02\/2020<\/p>\n<p style=\"text-align: justify;\">12h \u2013 Recanto de Bar<br \/>\n14h \u2013 Retrodac<br \/>\n16h \u2013 Pagod\u00e3o #Tipo3<br \/>\n18h \u2013 Jamile Oliveira<br \/>\n20h \u2013 Patr\u00edcia Alves<\/p>\n<p style=\"text-align: justify;\">PRA\u00c7A S\u00c3O SEBASTI\u00c3O<\/p>\n<p style=\"text-align: justify;\">DOMINGO \u2013 23\/02\/2020<\/p>\n<p style=\"text-align: justify;\">10h \u2013 Bateria Cabulosa<br \/>\n12h \u2013 Luizinho Morenno<br \/>\n14h \u2013 Thayse Dias<br \/>\n16h \u2013 Jo\u00e3ozinho e Banda<\/p>\n<p style=\"text-align: justify;\">SEGUNDA \u2013 24\/02\/2020<\/p>\n<p style=\"text-align: justify;\">12h \u2013 Jonah Play<br \/>\n14h \u2013 Paulinho Pierre<br \/>\n16h \u2013 Marrom Brasil<\/p>\n<p style=\"text-align: justify;\">TER\u00c7A \u2013 25\/02\/2020<\/p>\n<p style=\"text-align: justify;\">12h \u2013 Som Brasil<br \/>\n14h \u2013 Forr\u00f3 dos Bossas<br \/>\n16h \u2013 Henrique Barbosa<\/p>\n<p style=\"text-align: justify;\">FORR\u00d3 DO PAPANGU<\/p>\n<p style=\"text-align: justify;\">DOMINGO \u2013 23\/02\/2020<\/p>\n<p style=\"text-align: justify;\">10h \u2013 Trio Lampi\u00e3o \u00e0 G\u00e1s<br \/>\n12h \u2013 Zez\u00e9 e Zezita<br \/>\n14h \u2013 Rinaldo Xavier<br \/>\n16h \u2013 Trio Asa Branca<br \/>\n18h \u2013 Banda de P\u00edfanos Princesa do Agreste<br \/>\n20h \u2013 Forr\u00f3 Chinela de Palha<br \/>\n22h \u2013 Dadal e Forr\u00f3 de Tr\u00eas<\/p>\n<p style=\"text-align: justify;\">SEGUNDA \u2013 24\/02\/2020<\/p>\n<p style=\"text-align: justify;\">12h \u2013 Elian do Acordeon<br \/>\n14h \u2013 Manoel da Concertina<br \/>\n16h \u2013 Trio Kabras da Peste<br \/>\n18h \u2013 Trio Pau no Xote<br \/>\n20h \u2013 Forr\u00f3 Amassa Saia<\/p>\n<p style=\"text-align: justify;\">TER\u00c7A \u2013 25\/02\/2020<\/p>\n<p style=\"text-align: justify;\">12h \u2013 Nildo e Seu Regional<br \/>\n14h \u2013 Os Thalentos<br \/>\n16h \u2013 Marcos Montez<br \/>\n18h \u2013 Cabila e Tamborete de Forr\u00f3<br \/>\n20h \u2013 Zez\u00e9 e Zezita<\/p>\n<p style=\"text-align: justify;\">ESPA\u00c7O DA CRIAN\u00c7A<\/p>\n<p style=\"text-align: justify;\">DOMINGO \u2013 23\/02\/2020<\/p>\n<p style=\"text-align: justify;\">10h \u2013 Brincadeiras Infantis<br \/>\n12h \u2013 M\u00e1gico Thiago Sousa<br \/>\n13h \u2013 Equilaine e M\u00e1gico Edil<br \/>\n14h \u2013 Brincadeiras Infantis<br \/>\n15h \u2013 DJ Clara<br \/>\n16h \u2013 Pangulha\u00e7ada Teatro<\/p>\n<p style=\"text-align: justify;\">SEGUNDA \u2013 24\/02\/2020<\/p>\n<p style=\"text-align: justify;\">12h \u2013 Aula de Dan\u00e7a com Tota Brasil<br \/>\n13h \u2013 DJ Clara e M\u00e1gico Thiago Sousa<br \/>\n14h \u2013 M\u00e1gico Edil<br \/>\n15h \u2013 Baby e DJ Akson<br \/>\n16h \u2013 Pangulha\u00e7ada Teatro<\/p>\n<p style=\"text-align: justify;\">TER\u00c7A \u2013 25\/02\/2020<\/p>\n<p style=\"text-align: justify;\">10h \u2013 Concurso de Papangus Infantis<br \/>\n13h \u2013 Matheus e Catiririna e M\u00e1gico Edil<br \/>\n14h \u2013 M\u00e1gico Thiago Sousa e Baby<br \/>\n15h \u2013 Equilaine e DJ Akson<br \/>\n16h \u2013 Pangulha\u00e7ada Teatro<\/p>\n<p style=\"text-align: justify;\">ESPA\u00c7O DO FREVO<\/p>\n<p style=\"text-align: justify;\">DOMINGO \u2013 23\/02\/2020<\/p>\n<p style=\"text-align: justify;\">10h \u2013 Orquestra Amigos do Frevo<br \/>\n12h \u2013 Orquestra Alvorada<br \/>\n14h \u2013 Orquestra do Raimundo<br \/>\n16h \u2013 Orquestra Frevart<\/p>\n<p style=\"text-align: justify;\">BECO DO FREVO<\/p>\n<p style=\"text-align: justify;\">DOMINGO \u2013 23\/02\/2020<\/p>\n<p style=\"text-align: justify;\">10h \u2013 Orquestra Vassourinhas<br \/>\n11h \u2013 Orquestra Frevo e Cia<br \/>\n12h \u2013 Orquestra do Ronaldinho<br \/>\n13h \u2013 Orquestra Amigos do Frevo<br \/>\n14h \u2013 Orquestra do Biu<br \/>\n15h \u2013 Orquestra Alvorada<\/p>\n<p style=\"text-align: justify;\">&nbsp;TRAVESSIA DO FREVO<\/p>\n<p style=\"text-align: justify;\">DOMINGO \u2013 23\/02\/2020<\/p>\n<p style=\"text-align: justify;\">10h \u2013 Orquestra do Raimundo<br \/>\n11h \u2013 Orquestra Frevart<br \/>\n12h \u2013 Orquestra Frevo no P\u00e9<br \/>\n13h \u2013 Orquestra Vassourinhas<br \/>\n14h \u2013 Orquestra Frevo e Cia<br \/>\n15h \u2013 Orquestra do Ronaldinho<\/p>\n","protected":false},"excerpt":{"rendered":"<p>Durante os oito dias ir\u00e3o se apresentar mais de 100 atra\u00e7\u00f5es musicais e culturais nos sete p\u00f3los de anima\u00e7\u00e3o. Confira:&hellip;<\/p>\n","protected":false},"author":1,"featured_media":51953,"comment_status":"open","ping_status":"open","sticky":false,"template":"","format":"standard","meta":{"footnotes":""},"categories":[14120],"tags":[2,16881,17319],"class_list":["post-51952","post","type-post","status-publish","format-standard","has-post-thumbnail","hentry","category-noticias","tag-blog-do-edvaldo-magalhaes","tag-caruaru-e-regiao","tag-confira-a-programacao-do-carnaval-dos-papangus-2020-em-bezerros-pe"],"_links":{"self":[{"href":"https:\/\/blogdoedvaldomagalhaes.com.br\/index.php\/wp-json\/wp\/v2\/posts\/51952","targetHints":{"allow":["GET"]}}],"collection":[{"href":"https:\/\/blogdoedvaldomagalhaes.com.br\/index.php\/wp-json\/wp\/v2\/posts"}],"about":[{"href":"https:\/\/blogdoedvaldomagalhaes.com.br\/index.php\/wp-json\/wp\/v2\/types\/post"}],"author":[{"embeddable":true,"href":"https:\/\/blogdoedvaldomagalhaes.com.br\/index.php\/wp-json\/wp\/v2\/users\/1"}],"replies":[{"embeddable":true,"href":"https:\/\/blogdoedvaldomagalhaes.com.br\/index.php\/wp-json\/wp\/v2\/comments?post=51952"}],"version-history":[{"count":2,"href":"https:\/\/blogdoedvaldomagalhaes.com.br\/index.php\/wp-json\/wp\/v2\/posts\/51952\/revisions"}],"predecessor-version":[{"id":52051,"href":"https:\/\/blogdoedvaldomagalhaes.com.br\/index.php\/wp-json\/wp\/v2\/posts\/51952\/revisions\/52051"}],"wp:featuredmedia":[{"embeddable":true,"href":"https:\/\/blogdoedvaldomagalhaes.com.br\/index.php\/wp-json\/wp\/v2\/media\/51953"}],"wp:attachment":[{"href":"https:\/\/blogdoedvaldomagalhaes.com.br\/index.php\/wp-json\/wp\/v2\/media?parent=51952"}],"wp:term":[{"taxonomy":"category","embeddable":true,"href":"https:\/\/blogdoedvaldomagalhaes.com.br\/index.php\/wp-json\/wp\/v2\/categories?post=51952"},{"taxonomy":"post_tag","embeddable":true,"href":"https:\/\/blogdoedvaldomagalhaes.com.br\/index.php\/wp-json\/wp\/v2\/tags?post=51952"}],"curies":[{"name":"wp","href":"https:\/\/api.w.org\/{rel}","templated":true}]}}