{"id":51948,"date":"2020-02-15T11:04:10","date_gmt":"2020-02-15T14:04:10","guid":{"rendered":"http:\/\/blogdoedvaldomagalhaes.com.br\/?p=51948"},"modified":"2020-02-15T12:19:35","modified_gmt":"2020-02-15T15:19:35","slug":"bloco-lirico-do-sesc-caruaru-faz-apresentacoes-em-carnavais-do-agreste","status":"publish","type":"post","link":"https:\/\/blogdoedvaldomagalhaes.com.br\/index.php\/2020\/02\/15\/bloco-lirico-do-sesc-caruaru-faz-apresentacoes-em-carnavais-do-agreste\/","title":{"rendered":"Bloco L\u00edrico do Sesc Caruaru faz apresenta\u00e7\u00f5es em carnavais do Agreste"},"content":{"rendered":"<p style=\"text-align: justify;\"><span style=\"font-size: inherit;\">Bloco L\u00edrico Carnavalesco &#8220;Saudade Brincante da Terceira Idade&#8221; do Sesc Caruaru se prepara para o Carnaval 2020. Este ano, vai se apresentar s\u00e1bado (15\/02), \u00e0s 15h, no Carnaval Caruaru Cultural, pr\u00e9via que acontece no entorno da Rua Jo\u00e3o Cond\u00e9, no Centro da cidade; no Baile Carnavalesco da 3\u00aa Idade do Sesc Caruaru, na quarta-feira (19\/02), \u00e0s 14h30; e no Arrast\u00e3o de Grupos de Bezerros, na quinta-feira (20\/02), na Rua da Matriz, no Centro, a partir das 15h, com concentra\u00e7\u00e3o em frente \u00e0 Igreja de S\u00e3o Sebasti\u00e3o.<\/span><\/p>\n<p style=\"text-align: justify;\">Neste ano o &#8220;Saudade Brincante da Terceira Idade&#8221; presta uma homenagem ao Sesc Caruaru que em dezembro completa 70 anos. O bloco surgiu em 2014 e \u00e9 formado por quarenta componentes, sendo 37 mulheres e tr\u00eas homens, todos do grupo da Amizade da 3\u00aa Idade que comemora 30 anos em 2020. \u201c\u00c9 o \u00fanico bloco l\u00edrico de Caruaru e este ano ser\u00e1 sua quinta participa\u00e7\u00e3o no Carnaval da Sucata, como \u00e9 conhecida a folia da cidade\u201d, explica Concei\u00e7\u00e3o de Paulo, assistente social do Sesc Caruaru.<\/p>\n<p style=\"text-align: justify;\">Al\u00e9m das apresenta\u00e7\u00f5es nas ruas de Caruaru e Bezerros, o grupo participa do tradicional Baile Carnavalesco da 3\u00aa Idade do Sesc na quarta-feira (19\/02), a partir das 14h30, no Sal\u00e3o de Festas da unidade. Neste dia, a entrada para o p\u00fablico geral acompanhar a festa e se divertir com os idosos e idosas ao som de uma orquestra de frevo ser\u00e1 de 1 Kg de alimento n\u00e3o perec\u00edvel que ser\u00e1 destinado ao Banco de Alimentos.<\/p>\n<p style=\"text-align: justify;\">*Programa\u00e7\u00e3o*<br \/>\nS\u00e1bado (15\/02), \u00e0s 15h \u2013 Carnaval de Caruaru \u2013 Rua Jo\u00e3o Cond\u00e9, Centro<br \/>\nQuarta (19\/02), \u00e0s 14h \u2013 Baile Carnavalesco da 3\u00aa Idade do Sesc \u2013 Rua Rui Limeira Rosal, Petr\u00f3polis<br \/>\nQuinta (20\/02), \u00e0s 15h \u2013 Carnaval de Bezerros \u2013 Rua da Matriz, Centro<br \/>\nInforma\u00e7\u00f5es: (81) 3721-3967<\/p>\n","protected":false},"excerpt":{"rendered":"<p>Bloco L\u00edrico Carnavalesco &#8220;Saudade Brincante da Terceira Idade&#8221; do Sesc Caruaru se prepara para o Carnaval 2020. Este ano, vai&hellip;<\/p>\n","protected":false},"author":1,"featured_media":51949,"comment_status":"open","ping_status":"open","sticky":false,"template":"","format":"standard","meta":{"footnotes":""},"categories":[1],"tags":[17318,2,16881],"class_list":["post-51948","post","type-post","status-publish","format-standard","has-post-thumbnail","hentry","category-sem-categoria","tag-bloco-lirico-do-sesc-caruaru-faz-apresentacoes-em-carnavais-do-agreste","tag-blog-do-edvaldo-magalhaes","tag-caruaru-e-regiao"],"_links":{"self":[{"href":"https:\/\/blogdoedvaldomagalhaes.com.br\/index.php\/wp-json\/wp\/v2\/posts\/51948","targetHints":{"allow":["GET"]}}],"collection":[{"href":"https:\/\/blogdoedvaldomagalhaes.com.br\/index.php\/wp-json\/wp\/v2\/posts"}],"about":[{"href":"https:\/\/blogdoedvaldomagalhaes.com.br\/index.php\/wp-json\/wp\/v2\/types\/post"}],"author":[{"embeddable":true,"href":"https:\/\/blogdoedvaldomagalhaes.com.br\/index.php\/wp-json\/wp\/v2\/users\/1"}],"replies":[{"embeddable":true,"href":"https:\/\/blogdoedvaldomagalhaes.com.br\/index.php\/wp-json\/wp\/v2\/comments?post=51948"}],"version-history":[{"count":1,"href":"https:\/\/blogdoedvaldomagalhaes.com.br\/index.php\/wp-json\/wp\/v2\/posts\/51948\/revisions"}],"predecessor-version":[{"id":51950,"href":"https:\/\/blogdoedvaldomagalhaes.com.br\/index.php\/wp-json\/wp\/v2\/posts\/51948\/revisions\/51950"}],"wp:featuredmedia":[{"embeddable":true,"href":"https:\/\/blogdoedvaldomagalhaes.com.br\/index.php\/wp-json\/wp\/v2\/media\/51949"}],"wp:attachment":[{"href":"https:\/\/blogdoedvaldomagalhaes.com.br\/index.php\/wp-json\/wp\/v2\/media?parent=51948"}],"wp:term":[{"taxonomy":"category","embeddable":true,"href":"https:\/\/blogdoedvaldomagalhaes.com.br\/index.php\/wp-json\/wp\/v2\/categories?post=51948"},{"taxonomy":"post_tag","embeddable":true,"href":"https:\/\/blogdoedvaldomagalhaes.com.br\/index.php\/wp-json\/wp\/v2\/tags?post=51948"}],"curies":[{"name":"wp","href":"https:\/\/api.w.org\/{rel}","templated":true}]}}