{"id":51919,"date":"2020-02-13T16:36:01","date_gmt":"2020-02-13T19:36:01","guid":{"rendered":"http:\/\/blogdoedvaldomagalhaes.com.br\/?p=51919"},"modified":"2020-02-15T22:02:02","modified_gmt":"2020-02-16T01:02:02","slug":"comunidade-shalom-promove-retiro-de-carnaval-em-caruaru","status":"publish","type":"post","link":"https:\/\/blogdoedvaldomagalhaes.com.br\/index.php\/2020\/02\/13\/comunidade-shalom-promove-retiro-de-carnaval-em-caruaru\/","title":{"rendered":"Comunidade Shalom promove retiro de carnaval em Caruaru"},"content":{"rendered":"<p style=\"text-align: justify;\">A comunidade cat\u00f3lica Shalom, em Caruaru, promover\u00e1 o Renascer 2020 \u2013 \u201cBuscai as coisas do alto\u201d &#8211; retiro de carnaval que vai acontecer de 23 a 25 de fevereiro, no Col\u00e9gio Ad\u00e9lia Leal no bairro Petr\u00f3polis. O evento \u00e9 gratuito e as atividades come\u00e7ar\u00e3o a partir das 8h30.<\/p>\n<p style=\"text-align: justify;\">O Renascer 2020 dever\u00e1 contar\u00e1 com cursos de aprofundamento na f\u00e9, semin\u00e1rios, espa\u00e7o kids, missas, teatros, noites promocionais, louvor, lanchonete e livraria cat\u00f3lica. De acordo com a organiza\u00e7\u00e3o do evento, \u201cuma op\u00e7\u00e3o de carnaval diferenciado para diversos p\u00fablicos e idades, mas que buscam o mesmo norte: ser feliz!\u201d. A comunidade espera uma m\u00e9dia de 300 pessoas por dia.<\/p>\n<p style=\"text-align: justify;\">Para quem deseja dormir pr\u00f3ximo ao local do evento, a Comunidade Shalom disp\u00f5e de alojamento com o custo simb\u00f3lico de R$ 60,00 por pessoa, com direito a caf\u00e9 da manh\u00e3, almo\u00e7o e janta.<\/p>\n","protected":false},"excerpt":{"rendered":"<p>A comunidade cat\u00f3lica Shalom, em Caruaru, promover\u00e1 o Renascer 2020 \u2013 \u201cBuscai as coisas do alto\u201d &#8211; retiro de carnaval&hellip;<\/p>\n","protected":false},"author":1,"featured_media":51920,"comment_status":"open","ping_status":"open","sticky":false,"template":"","format":"standard","meta":{"footnotes":""},"categories":[1],"tags":[2,16881,17311],"class_list":["post-51919","post","type-post","status-publish","format-standard","has-post-thumbnail","hentry","category-sem-categoria","tag-blog-do-edvaldo-magalhaes","tag-caruaru-e-regiao","tag-comunidade-shalom-promove-retiro-de-carnaval-em-caruaru"],"_links":{"self":[{"href":"https:\/\/blogdoedvaldomagalhaes.com.br\/index.php\/wp-json\/wp\/v2\/posts\/51919","targetHints":{"allow":["GET"]}}],"collection":[{"href":"https:\/\/blogdoedvaldomagalhaes.com.br\/index.php\/wp-json\/wp\/v2\/posts"}],"about":[{"href":"https:\/\/blogdoedvaldomagalhaes.com.br\/index.php\/wp-json\/wp\/v2\/types\/post"}],"author":[{"embeddable":true,"href":"https:\/\/blogdoedvaldomagalhaes.com.br\/index.php\/wp-json\/wp\/v2\/users\/1"}],"replies":[{"embeddable":true,"href":"https:\/\/blogdoedvaldomagalhaes.com.br\/index.php\/wp-json\/wp\/v2\/comments?post=51919"}],"version-history":[{"count":2,"href":"https:\/\/blogdoedvaldomagalhaes.com.br\/index.php\/wp-json\/wp\/v2\/posts\/51919\/revisions"}],"predecessor-version":[{"id":51976,"href":"https:\/\/blogdoedvaldomagalhaes.com.br\/index.php\/wp-json\/wp\/v2\/posts\/51919\/revisions\/51976"}],"wp:featuredmedia":[{"embeddable":true,"href":"https:\/\/blogdoedvaldomagalhaes.com.br\/index.php\/wp-json\/wp\/v2\/media\/51920"}],"wp:attachment":[{"href":"https:\/\/blogdoedvaldomagalhaes.com.br\/index.php\/wp-json\/wp\/v2\/media?parent=51919"}],"wp:term":[{"taxonomy":"category","embeddable":true,"href":"https:\/\/blogdoedvaldomagalhaes.com.br\/index.php\/wp-json\/wp\/v2\/categories?post=51919"},{"taxonomy":"post_tag","embeddable":true,"href":"https:\/\/blogdoedvaldomagalhaes.com.br\/index.php\/wp-json\/wp\/v2\/tags?post=51919"}],"curies":[{"name":"wp","href":"https:\/\/api.w.org\/{rel}","templated":true}]}}