{"id":51916,"date":"2020-02-13T16:21:36","date_gmt":"2020-02-13T19:21:36","guid":{"rendered":"http:\/\/blogdoedvaldomagalhaes.com.br\/?p=51916"},"modified":"2020-02-15T12:19:00","modified_gmt":"2020-02-15T15:19:00","slug":"2a-edicao-do-passeio-ciclistico-pedalando-pela-cidade","status":"publish","type":"post","link":"https:\/\/blogdoedvaldomagalhaes.com.br\/index.php\/2020\/02\/13\/2a-edicao-do-passeio-ciclistico-pedalando-pela-cidade\/","title":{"rendered":"2\u00aa Edi\u00e7\u00e3o do Passeio Cicl\u00edstico &#8211; Pedalando pela Cidade"},"content":{"rendered":"<p style=\"text-align: justify;\"><span style=\"font-size: inherit;\">A Ger\u00eancia de Esportes da Secretaria de Desenvolvimento Social e Direitos Humanos (SDSDH), em parceria com a Unimed Caruaru e o SEST\/Senat, realiza neste domingo (16) a 2\u00aa Edi\u00e7\u00e3o do Passeio Cicl\u00edstico &#8211; Pedalando pela Cidade.<\/span><\/p>\n<p style=\"text-align: justify;\">O evento ser\u00e1 realizado em um percurso de 7 km dentro da cidade com a largada prevista para \u00e0s 7h da manh\u00e3 no P\u00e1tio de Eventos Luiz Lula Gonzaga. As inscri\u00e7\u00f5es devem ser realizadas no local a partir das 6h, no dia do passeio, de forma gratuita. Pessoas de todas as faixas et\u00e1rias podem participar.<\/p>\n<p style=\"text-align: justify;\">Ser\u00e3o oferecidas frutas, pontos de hidrata\u00e7\u00e3o, kit com camisa e mochila para os primeiros 500 inscritos. Al\u00e9m disso, haver\u00e1 ainda atividades de alongamento, aferi\u00e7\u00e3o de press\u00e3o e aquecimento antes do passeio. O percurso ser\u00e1 acompanhado com o carro de apoio disponibilizado pelo Sest\/Senat e a ambul\u00e2ncia da Unimed.<\/p>\n<p style=\"text-align: justify;\">A iniciativa faz parte das a\u00e7\u00f5es do projeto \u201cCaruaru em Movimento\u201d e tem o objetivo de conscientizar a popula\u00e7\u00e3o pelo uso de um transporte saud\u00e1vel, contribuindo para melhoria da qualidade de vida da popula\u00e7\u00e3o e incentivando a pr\u00e1tica de atividades f\u00edsicas na cidade.<\/p>\n","protected":false},"excerpt":{"rendered":"<p>A Ger\u00eancia de Esportes da Secretaria de Desenvolvimento Social e Direitos Humanos (SDSDH), em parceria com a Unimed Caruaru e&hellip;<\/p>\n","protected":false},"author":1,"featured_media":51917,"comment_status":"open","ping_status":"open","sticky":false,"template":"","format":"standard","meta":{"footnotes":""},"categories":[1],"tags":[17310,2,16881],"class_list":["post-51916","post","type-post","status-publish","format-standard","has-post-thumbnail","hentry","category-sem-categoria","tag-2a-edicao-do-passeio-ciclistico-pedalando-pela-cidade","tag-blog-do-edvaldo-magalhaes","tag-caruaru-e-regiao"],"_links":{"self":[{"href":"https:\/\/blogdoedvaldomagalhaes.com.br\/index.php\/wp-json\/wp\/v2\/posts\/51916","targetHints":{"allow":["GET"]}}],"collection":[{"href":"https:\/\/blogdoedvaldomagalhaes.com.br\/index.php\/wp-json\/wp\/v2\/posts"}],"about":[{"href":"https:\/\/blogdoedvaldomagalhaes.com.br\/index.php\/wp-json\/wp\/v2\/types\/post"}],"author":[{"embeddable":true,"href":"https:\/\/blogdoedvaldomagalhaes.com.br\/index.php\/wp-json\/wp\/v2\/users\/1"}],"replies":[{"embeddable":true,"href":"https:\/\/blogdoedvaldomagalhaes.com.br\/index.php\/wp-json\/wp\/v2\/comments?post=51916"}],"version-history":[{"count":1,"href":"https:\/\/blogdoedvaldomagalhaes.com.br\/index.php\/wp-json\/wp\/v2\/posts\/51916\/revisions"}],"predecessor-version":[{"id":51918,"href":"https:\/\/blogdoedvaldomagalhaes.com.br\/index.php\/wp-json\/wp\/v2\/posts\/51916\/revisions\/51918"}],"wp:featuredmedia":[{"embeddable":true,"href":"https:\/\/blogdoedvaldomagalhaes.com.br\/index.php\/wp-json\/wp\/v2\/media\/51917"}],"wp:attachment":[{"href":"https:\/\/blogdoedvaldomagalhaes.com.br\/index.php\/wp-json\/wp\/v2\/media?parent=51916"}],"wp:term":[{"taxonomy":"category","embeddable":true,"href":"https:\/\/blogdoedvaldomagalhaes.com.br\/index.php\/wp-json\/wp\/v2\/categories?post=51916"},{"taxonomy":"post_tag","embeddable":true,"href":"https:\/\/blogdoedvaldomagalhaes.com.br\/index.php\/wp-json\/wp\/v2\/tags?post=51916"}],"curies":[{"name":"wp","href":"https:\/\/api.w.org\/{rel}","templated":true}]}}