{"id":51913,"date":"2020-02-13T16:13:45","date_gmt":"2020-02-13T19:13:45","guid":{"rendered":"http:\/\/blogdoedvaldomagalhaes.com.br\/?p=51913"},"modified":"2020-02-15T12:18:54","modified_gmt":"2020-02-15T15:18:54","slug":"tambores-de-caruaru-reunira-mais-de-200-percussionistas-nesta-sexta-14","status":"publish","type":"post","link":"https:\/\/blogdoedvaldomagalhaes.com.br\/index.php\/2020\/02\/13\/tambores-de-caruaru-reunira-mais-de-200-percussionistas-nesta-sexta-14\/","title":{"rendered":"&#8220;Tambores de Caruaru&#8221; reunir\u00e1 mais de 200 percussionistas nesta sexta (14)"},"content":{"rendered":"<p style=\"text-align: justify;\"><span style=\"font-size: inherit;\">A Secretaria de Desenvolvimento Social e Direitos Humanos (SDSDH), reunir\u00e1 mais de 200 percussionistas nesta sexta-feira (14). O evento \u201cTambores de Caruaru\u201d tem como seu objetivo o resgate da hist\u00f3ria r\u00edtmica do Carnaval na cidade, para lembrar os famosos Maracatus que eram conhecidos na regi\u00e3o como os Cambinas Novas. A a\u00e7\u00e3o acontece a partir da 17h, na Pra\u00e7a Silva Filho (largo da Esta\u00e7\u00e3o Ferrovi\u00e1ria).<\/span><\/p>\n<p style=\"text-align: justify;\">A Secretaria de Educa\u00e7\u00e3o participar\u00e1 do evento atrav\u00e9s de quatro grupos de percussionistas que fazem parte do projeto Arte Educa\u00e7\u00e3o, com alunos das seguintes escolas: Dom Dino, Leudo Valen\u00e7a, CAIC e Padre Pedro Aguiar.<\/p>\n<p style=\"text-align: justify;\">*Outras a\u00e7\u00f5es* &#8211; Nesta quinta-feira (13), o evento ser\u00e1 o \u201cCaruaru dos Antigos Carnavais\u201d que acontecer\u00e1 a partir das 17h em um palco montado na mesma pra\u00e7a. Nele ir\u00e1 acontecer apresenta\u00e7\u00f5es dos grupos do Servi\u00e7o de Conviv\u00eancia e Fortalecimento dos V\u00ednculos (SCFV), da Orquestra de Metais, passistas de frevo e um mel\u00f3dico acerto de marcha do Coral Cantando a Vida.<\/p>\n<p style=\"text-align: justify;\">No s\u00e1bado (15), acontecer\u00e1 o \u201cBloco Inclusive Eu\u201d que reunir\u00e1 cerca de 120 crian\u00e7as e adolescentes em um bloco carnavalesco. Ele ir\u00e1 come\u00e7ar a partir das 9h em cortejos nas ruas: na Rua Silva Filho, Rua Silva Jardim, Rua Jo\u00e3o Cond\u00e9 retornando e finalizando na Pra\u00e7a Silva Filho \u00e0s 10h.<\/p>\n","protected":false},"excerpt":{"rendered":"<p>A Secretaria de Desenvolvimento Social e Direitos Humanos (SDSDH), reunir\u00e1 mais de 200 percussionistas nesta sexta-feira (14). O evento \u201cTambores&hellip;<\/p>\n","protected":false},"author":1,"featured_media":51914,"comment_status":"open","ping_status":"open","sticky":false,"template":"","format":"standard","meta":{"footnotes":""},"categories":[1],"tags":[17309,2,16881],"class_list":["post-51913","post","type-post","status-publish","format-standard","has-post-thumbnail","hentry","category-sem-categoria","tag-tambores-de-caruaru-reunira-mais-de-200-percussionistas-nesta-sexta-14","tag-blog-do-edvaldo-magalhaes","tag-caruaru-e-regiao"],"_links":{"self":[{"href":"https:\/\/blogdoedvaldomagalhaes.com.br\/index.php\/wp-json\/wp\/v2\/posts\/51913","targetHints":{"allow":["GET"]}}],"collection":[{"href":"https:\/\/blogdoedvaldomagalhaes.com.br\/index.php\/wp-json\/wp\/v2\/posts"}],"about":[{"href":"https:\/\/blogdoedvaldomagalhaes.com.br\/index.php\/wp-json\/wp\/v2\/types\/post"}],"author":[{"embeddable":true,"href":"https:\/\/blogdoedvaldomagalhaes.com.br\/index.php\/wp-json\/wp\/v2\/users\/1"}],"replies":[{"embeddable":true,"href":"https:\/\/blogdoedvaldomagalhaes.com.br\/index.php\/wp-json\/wp\/v2\/comments?post=51913"}],"version-history":[{"count":1,"href":"https:\/\/blogdoedvaldomagalhaes.com.br\/index.php\/wp-json\/wp\/v2\/posts\/51913\/revisions"}],"predecessor-version":[{"id":51915,"href":"https:\/\/blogdoedvaldomagalhaes.com.br\/index.php\/wp-json\/wp\/v2\/posts\/51913\/revisions\/51915"}],"wp:featuredmedia":[{"embeddable":true,"href":"https:\/\/blogdoedvaldomagalhaes.com.br\/index.php\/wp-json\/wp\/v2\/media\/51914"}],"wp:attachment":[{"href":"https:\/\/blogdoedvaldomagalhaes.com.br\/index.php\/wp-json\/wp\/v2\/media?parent=51913"}],"wp:term":[{"taxonomy":"category","embeddable":true,"href":"https:\/\/blogdoedvaldomagalhaes.com.br\/index.php\/wp-json\/wp\/v2\/categories?post=51913"},{"taxonomy":"post_tag","embeddable":true,"href":"https:\/\/blogdoedvaldomagalhaes.com.br\/index.php\/wp-json\/wp\/v2\/tags?post=51913"}],"curies":[{"name":"wp","href":"https:\/\/api.w.org\/{rel}","templated":true}]}}