{"id":51910,"date":"2020-02-13T14:39:51","date_gmt":"2020-02-13T17:39:51","guid":{"rendered":"http:\/\/blogdoedvaldomagalhaes.com.br\/?p=51910"},"modified":"2020-02-15T12:18:50","modified_gmt":"2020-02-15T15:18:50","slug":"bloco-nao-fui-porque-to-liso-desfila-neste-domingo-16","status":"publish","type":"post","link":"https:\/\/blogdoedvaldomagalhaes.com.br\/index.php\/2020\/02\/13\/bloco-nao-fui-porque-to-liso-desfila-neste-domingo-16\/","title":{"rendered":"Bloco \u2018N\u00e3o fui porque t\u00f4 liso\u2019 desfila neste domingo (16)"},"content":{"rendered":"<p><span style=\"font-size: inherit;\">O Bloco Carnavalesco \u2018N\u00e3o fui porque t\u00f4 liso\u2019 desfila neste Domingo (16) em Caruaru. A agremia\u00e7\u00e3o, que chega \u00e0 11\u00aa edi\u00e7\u00e3o, ser\u00e1 realizada mais uma vez na Avenida Caruaru, no bairro Boa Vista, a partir do meio-dia.<\/span><\/p>\n<p>Na edi\u00e7\u00e3o de 2020, o Bloco ir\u00e1 homenagear o Jornalista, Blogueiro e Radialista Alberto Alves, um dos Fundadores do Bloco e figura importante na Imprensa local.<\/p>\n<p>A anima\u00e7\u00e3o do Bloco mais irreverente de Caruaru ficar\u00e1 por conta da Banda Rouxinol, Alex Dantas e Orquestra de Frevo.<\/p>\n<p>Para maior seguran\u00e7a dos Foli\u00f5es, o Bloco contar\u00e1 com seguran\u00e7a particular e o apoio da Pol\u00edcia Militar do Estado de Pernambuco, DESTRA e Guarda Municipal.<\/p>\n","protected":false},"excerpt":{"rendered":"<p>O Bloco Carnavalesco \u2018N\u00e3o fui porque t\u00f4 liso\u2019 desfila neste Domingo (16) em Caruaru. A agremia\u00e7\u00e3o, que chega \u00e0 11\u00aa&hellip;<\/p>\n","protected":false},"author":1,"featured_media":51911,"comment_status":"open","ping_status":"open","sticky":false,"template":"","format":"standard","meta":{"footnotes":""},"categories":[1],"tags":[17308,2,16881],"class_list":["post-51910","post","type-post","status-publish","format-standard","has-post-thumbnail","hentry","category-sem-categoria","tag-bloco-nao-fui-porque-to-liso-desfila-neste-domingo-16","tag-blog-do-edvaldo-magalhaes","tag-caruaru-e-regiao"],"_links":{"self":[{"href":"https:\/\/blogdoedvaldomagalhaes.com.br\/index.php\/wp-json\/wp\/v2\/posts\/51910","targetHints":{"allow":["GET"]}}],"collection":[{"href":"https:\/\/blogdoedvaldomagalhaes.com.br\/index.php\/wp-json\/wp\/v2\/posts"}],"about":[{"href":"https:\/\/blogdoedvaldomagalhaes.com.br\/index.php\/wp-json\/wp\/v2\/types\/post"}],"author":[{"embeddable":true,"href":"https:\/\/blogdoedvaldomagalhaes.com.br\/index.php\/wp-json\/wp\/v2\/users\/1"}],"replies":[{"embeddable":true,"href":"https:\/\/blogdoedvaldomagalhaes.com.br\/index.php\/wp-json\/wp\/v2\/comments?post=51910"}],"version-history":[{"count":1,"href":"https:\/\/blogdoedvaldomagalhaes.com.br\/index.php\/wp-json\/wp\/v2\/posts\/51910\/revisions"}],"predecessor-version":[{"id":51912,"href":"https:\/\/blogdoedvaldomagalhaes.com.br\/index.php\/wp-json\/wp\/v2\/posts\/51910\/revisions\/51912"}],"wp:featuredmedia":[{"embeddable":true,"href":"https:\/\/blogdoedvaldomagalhaes.com.br\/index.php\/wp-json\/wp\/v2\/media\/51911"}],"wp:attachment":[{"href":"https:\/\/blogdoedvaldomagalhaes.com.br\/index.php\/wp-json\/wp\/v2\/media?parent=51910"}],"wp:term":[{"taxonomy":"category","embeddable":true,"href":"https:\/\/blogdoedvaldomagalhaes.com.br\/index.php\/wp-json\/wp\/v2\/categories?post=51910"},{"taxonomy":"post_tag","embeddable":true,"href":"https:\/\/blogdoedvaldomagalhaes.com.br\/index.php\/wp-json\/wp\/v2\/tags?post=51910"}],"curies":[{"name":"wp","href":"https:\/\/api.w.org\/{rel}","templated":true}]}}