{"id":51907,"date":"2020-02-13T11:48:39","date_gmt":"2020-02-13T14:48:39","guid":{"rendered":"http:\/\/blogdoedvaldomagalhaes.com.br\/?p=51907"},"modified":"2020-02-15T12:18:46","modified_gmt":"2020-02-15T15:18:46","slug":"campanha-nao-e-nao-neste-carnaval-busca-prevenir-e-informar-sobre-possiveis-abusos-sexuais","status":"publish","type":"post","link":"https:\/\/blogdoedvaldomagalhaes.com.br\/index.php\/2020\/02\/13\/campanha-nao-e-nao-neste-carnaval-busca-prevenir-e-informar-sobre-possiveis-abusos-sexuais\/","title":{"rendered":"Campanha \u201cN\u00e3o \u00e9 N\u00e3o!\u201d neste carnaval, busca prevenir e informar sobre poss\u00edveis abusos sexuais"},"content":{"rendered":"<p><span style=\"font-size: inherit;\">A Prefeitura de Caruaru, atrav\u00e9s da Secretaria de Pol\u00edticas para Mulheres (SPM), realiza neste per\u00edodo de festas carnavalescas a campanha \u201cN\u00e3o \u00e9 N\u00e3o\u201d. As equipes da SPM v\u00e3o divulgar material informativo para prevenir abusos sexuais que possam acontecer neste carnaval.<\/span><\/p>\n<p>Desde 2018 a importuna\u00e7\u00e3o sexual \u00e9 considerada crime, de acordo com a Lei n\u00ba 13.718\/18. Assim, \u201ctoques indesejados\u201d e \u201cbeijos roubados\u201d s\u00e3o considerados viola\u00e7\u00e3o da lei. A previs\u00e3o da pena \u00e9 de um a cinco anos de pris\u00e3o para quem cometer essas pr\u00e1ticas criminosas, uma vez que \u00e9 um crime comum, podendo ser praticado contra qualquer pessoa, do mesmo g\u00eanero ou n\u00e3o.<\/p>\n<p>A Campanha \u201cN\u00e3o \u00e9 N\u00e3o!\u201d mostra-se relevante, diante dos frequentes casos de ass\u00e9dio, importuna\u00e7\u00e3o e estupros que acontecem todos os dias, e, em especial, nos per\u00edodos de grandes festas. Dessa maneira, \u00e9 importante conscientizar a popula\u00e7\u00e3o sobre tais crimes, bem como de enfrent\u00e1-los, propagando informa\u00e7\u00f5es e tamb\u00e9m divulgando os telefones \u00fateis, como o n\u00famero 180 \u2013 Central de Atendimento a Mulher. Importa ressaltar que a den\u00fancia pode ser feita em qualquer delegacia mais pr\u00f3xima de onde o fato aconteceu.<\/p>\n<p>*Volunt\u00e1rios do Transforma Caruaru*<br \/>\nEstudantes interessados\/as em colaborar com a campanha podem se inscrever atrav\u00e9s da plataforma Transforma Caruaru, no site https:\/\/transformacaruaru.com.br\/acao\/campanha-nao-e-nao. A a\u00e7\u00e3o conjunta ocorrer\u00e1 no s\u00e1bado (15), das 11h \u00e0s 17h, e o ponto de encontro \u00e9 a Secretaria de Pol\u00edticas para Mulheres, que fica localizada na Rua Padre Rolim, n\u00ba 40, Bairro Maur\u00edcio de Nassau. O telefone para contato \u00e9 o (81) 3719-0628. As\/Os inscritas\/os receber\u00e3o certificado para completar a carga hor\u00e1ria na institui\u00e7\u00e3o de ensino e \u00e9 importante que tenham afinidade com a pauta da luta pelos direitos das mulheres.<\/p>\n","protected":false},"excerpt":{"rendered":"<p>A Prefeitura de Caruaru, atrav\u00e9s da Secretaria de Pol\u00edticas para Mulheres (SPM), realiza neste per\u00edodo de festas carnavalescas a campanha&hellip;<\/p>\n","protected":false},"author":1,"featured_media":51908,"comment_status":"open","ping_status":"open","sticky":false,"template":"","format":"standard","meta":{"footnotes":""},"categories":[1],"tags":[2,17307,17306,16881],"class_list":["post-51907","post","type-post","status-publish","format-standard","has-post-thumbnail","hentry","category-sem-categoria","tag-blog-do-edvaldo-magalhaes","tag-busca-prevenir-e-informar-sobre-possiveis-abusos-sexuais","tag-campanha-nao-e-nao-neste-carnaval","tag-caruaru-e-regiao"],"_links":{"self":[{"href":"https:\/\/blogdoedvaldomagalhaes.com.br\/index.php\/wp-json\/wp\/v2\/posts\/51907","targetHints":{"allow":["GET"]}}],"collection":[{"href":"https:\/\/blogdoedvaldomagalhaes.com.br\/index.php\/wp-json\/wp\/v2\/posts"}],"about":[{"href":"https:\/\/blogdoedvaldomagalhaes.com.br\/index.php\/wp-json\/wp\/v2\/types\/post"}],"author":[{"embeddable":true,"href":"https:\/\/blogdoedvaldomagalhaes.com.br\/index.php\/wp-json\/wp\/v2\/users\/1"}],"replies":[{"embeddable":true,"href":"https:\/\/blogdoedvaldomagalhaes.com.br\/index.php\/wp-json\/wp\/v2\/comments?post=51907"}],"version-history":[{"count":1,"href":"https:\/\/blogdoedvaldomagalhaes.com.br\/index.php\/wp-json\/wp\/v2\/posts\/51907\/revisions"}],"predecessor-version":[{"id":51909,"href":"https:\/\/blogdoedvaldomagalhaes.com.br\/index.php\/wp-json\/wp\/v2\/posts\/51907\/revisions\/51909"}],"wp:featuredmedia":[{"embeddable":true,"href":"https:\/\/blogdoedvaldomagalhaes.com.br\/index.php\/wp-json\/wp\/v2\/media\/51908"}],"wp:attachment":[{"href":"https:\/\/blogdoedvaldomagalhaes.com.br\/index.php\/wp-json\/wp\/v2\/media?parent=51907"}],"wp:term":[{"taxonomy":"category","embeddable":true,"href":"https:\/\/blogdoedvaldomagalhaes.com.br\/index.php\/wp-json\/wp\/v2\/categories?post=51907"},{"taxonomy":"post_tag","embeddable":true,"href":"https:\/\/blogdoedvaldomagalhaes.com.br\/index.php\/wp-json\/wp\/v2\/tags?post=51907"}],"curies":[{"name":"wp","href":"https:\/\/api.w.org\/{rel}","templated":true}]}}