{"id":51903,"date":"2020-02-13T11:39:03","date_gmt":"2020-02-13T14:39:03","guid":{"rendered":"http:\/\/blogdoedvaldomagalhaes.com.br\/?p=51903"},"modified":"2020-02-15T12:18:40","modified_gmt":"2020-02-15T15:18:40","slug":"obra-de-calcamento-ao-acesso-a-ete-fernando-lyra-e-iniciada","status":"publish","type":"post","link":"https:\/\/blogdoedvaldomagalhaes.com.br\/index.php\/2020\/02\/13\/obra-de-calcamento-ao-acesso-a-ete-fernando-lyra-e-iniciada\/","title":{"rendered":"Obra de cal\u00e7amento ao acesso a ETE Fernando Lyra \u00e9 iniciada"},"content":{"rendered":"<p><span style=\"font-size: inherit;\">A Prefeitura de Caruaru, atrav\u00e9s da Secretaria de Obras, deu in\u00edcio \u00e0 obra de cal\u00e7amento do acesso \u00e0 Escola T\u00e9cnica Estadual Ministro Fernando Lyra, localizada no bairro Cidade Alta. Na manh\u00e3 desta quarta (12), a prefeita Raquel Lyra esteve no local, conferindo o andamento dos servi\u00e7os.<\/span><\/p>\n<p>As execu\u00e7\u00f5es acontecem desde o in\u00edcio deste m\u00eas, com previs\u00e3o de t\u00e9rmino at\u00e9 o m\u00eas de abril, ap\u00f3s esse tempo, a via passar\u00e1 pelo processo do tempo de cura dos servi\u00e7os executados, o que dura em m\u00e9dia 30 dias, para assim, ser liberada para a passagem de ve\u00edculos no local.<\/p>\n<p>\u201cMais uma obra que trar\u00e1 seguran\u00e7a e mobilidade para todos que utilizam a via de acesso em dire\u00e7\u00e3o \u00e0 escola de tempo integral e \u00e1reas vizinhas. Os servi\u00e7os est\u00e3o a todo vapor e, logo em seguida estar\u00e1 pronta uma nova via\u201d, afirmou Raquel.<\/p>\n\n\n<figure class=\"wp-block-image size-large\"><img loading=\"lazy\" decoding=\"async\" width=\"1024\" height=\"682\" src=\"http:\/\/blogdoedvaldomagalhaes.com.br\/wp-content\/uploads\/2020\/02\/IMG-20200213-WA0022-1024x682.jpg\" alt=\"\" class=\"wp-image-51905\" srcset=\"https:\/\/blogdoedvaldomagalhaes.com.br\/wp-content\/uploads\/2020\/02\/IMG-20200213-WA0022-1024x682.jpg 1024w, https:\/\/blogdoedvaldomagalhaes.com.br\/wp-content\/uploads\/2020\/02\/IMG-20200213-WA0022-300x200.jpg 300w, https:\/\/blogdoedvaldomagalhaes.com.br\/wp-content\/uploads\/2020\/02\/IMG-20200213-WA0022-768x512.jpg 768w, https:\/\/blogdoedvaldomagalhaes.com.br\/wp-content\/uploads\/2020\/02\/IMG-20200213-WA0022.jpg 1280w\" sizes=\"auto, (max-width: 1024px) 100vw, 1024px\" \/><figcaption>Fotos: Arnaldo F\u00e9lix<\/figcaption><\/figure>\n","protected":false},"excerpt":{"rendered":"<p>A Prefeitura de Caruaru, atrav\u00e9s da Secretaria de Obras, deu in\u00edcio \u00e0 obra de cal\u00e7amento do acesso \u00e0 Escola T\u00e9cnica&hellip;<\/p>\n","protected":false},"author":1,"featured_media":51904,"comment_status":"open","ping_status":"open","sticky":false,"template":"","format":"standard","meta":{"footnotes":""},"categories":[1],"tags":[16881,17305],"class_list":["post-51903","post","type-post","status-publish","format-standard","has-post-thumbnail","hentry","category-sem-categoria","tag-caruaru-e-regiao","tag-obra-de-calcamento-ao-acesso-a-ete-fernando-lyra-e-iniciada"],"_links":{"self":[{"href":"https:\/\/blogdoedvaldomagalhaes.com.br\/index.php\/wp-json\/wp\/v2\/posts\/51903","targetHints":{"allow":["GET"]}}],"collection":[{"href":"https:\/\/blogdoedvaldomagalhaes.com.br\/index.php\/wp-json\/wp\/v2\/posts"}],"about":[{"href":"https:\/\/blogdoedvaldomagalhaes.com.br\/index.php\/wp-json\/wp\/v2\/types\/post"}],"author":[{"embeddable":true,"href":"https:\/\/blogdoedvaldomagalhaes.com.br\/index.php\/wp-json\/wp\/v2\/users\/1"}],"replies":[{"embeddable":true,"href":"https:\/\/blogdoedvaldomagalhaes.com.br\/index.php\/wp-json\/wp\/v2\/comments?post=51903"}],"version-history":[{"count":1,"href":"https:\/\/blogdoedvaldomagalhaes.com.br\/index.php\/wp-json\/wp\/v2\/posts\/51903\/revisions"}],"predecessor-version":[{"id":51906,"href":"https:\/\/blogdoedvaldomagalhaes.com.br\/index.php\/wp-json\/wp\/v2\/posts\/51903\/revisions\/51906"}],"wp:featuredmedia":[{"embeddable":true,"href":"https:\/\/blogdoedvaldomagalhaes.com.br\/index.php\/wp-json\/wp\/v2\/media\/51904"}],"wp:attachment":[{"href":"https:\/\/blogdoedvaldomagalhaes.com.br\/index.php\/wp-json\/wp\/v2\/media?parent=51903"}],"wp:term":[{"taxonomy":"category","embeddable":true,"href":"https:\/\/blogdoedvaldomagalhaes.com.br\/index.php\/wp-json\/wp\/v2\/categories?post=51903"},{"taxonomy":"post_tag","embeddable":true,"href":"https:\/\/blogdoedvaldomagalhaes.com.br\/index.php\/wp-json\/wp\/v2\/tags?post=51903"}],"curies":[{"name":"wp","href":"https:\/\/api.w.org\/{rel}","templated":true}]}}