{"id":51896,"date":"2020-02-13T08:34:23","date_gmt":"2020-02-13T11:34:23","guid":{"rendered":"http:\/\/blogdoedvaldomagalhaes.com.br\/?p=51896"},"modified":"2020-02-15T12:18:36","modified_gmt":"2020-02-15T15:18:36","slug":"vice-prefeito-de-canhotinho-e-assassinado-a-tiros","status":"publish","type":"post","link":"https:\/\/blogdoedvaldomagalhaes.com.br\/index.php\/2020\/02\/13\/vice-prefeito-de-canhotinho-e-assassinado-a-tiros\/","title":{"rendered":"Vice-prefeito de Canhotinho \u00e9 assassinado a tiros"},"content":{"rendered":"<p style=\"text-align: justify;\">O vice-prefeito de Canhotinho, Agreste de Pernambuco, a 96 quil\u00f4metros de Caruaru, foi assassinado na manh\u00e3 desta quinta-feira (13). Erinaldo Santos, 48 anos, foi morto a tiros. O<span style=\"font-size: inherit;\"> homic\u00eddio aconteceu em uma resid\u00eancia do vice-prefeito, adquirida h\u00e1 pouco tempo e que estava em reforma, na rua Benjamin Constant, pr\u00f3ximo \u00e0 antiga f\u00e1brica da Mucuri. <\/span><\/p>\n<p style=\"text-align: justify;\"><span style=\"font-size: inherit;\">A Pol\u00edcia Militar est\u00e1 no local. Ainda n\u00e3o h\u00e1 informa\u00e7\u00f5es sobre autoria nem motiva\u00e7\u00e3o do crime.<\/span><\/p>\n<p style=\"text-align: justify;\">O corpo de Erinaldo ser\u00e1 encaminhado para o Instituto de Medicina Legal (IML) de Caruaru.<\/p>\n\n\n<figure class=\"wp-block-image size-large\"><img loading=\"lazy\" decoding=\"async\" width=\"496\" height=\"604\" src=\"http:\/\/blogdoedvaldomagalhaes.com.br\/wp-content\/uploads\/2020\/02\/IMG-20200213-WA0016.jpg\" alt=\"\" class=\"wp-image-51899\" srcset=\"https:\/\/blogdoedvaldomagalhaes.com.br\/wp-content\/uploads\/2020\/02\/IMG-20200213-WA0016.jpg 496w, https:\/\/blogdoedvaldomagalhaes.com.br\/wp-content\/uploads\/2020\/02\/IMG-20200213-WA0016-246x300.jpg 246w\" sizes=\"auto, (max-width: 496px) 100vw, 496px\" \/><figcaption>V\u00edtima<\/figcaption><\/figure>\n","protected":false},"excerpt":{"rendered":"<p>O vice-prefeito de Canhotinho, Agreste de Pernambuco, a 96 quil\u00f4metros de Caruaru, foi assassinado na manh\u00e3 desta quinta-feira (13). Erinaldo&hellip;<\/p>\n","protected":false},"author":1,"featured_media":51897,"comment_status":"open","ping_status":"open","sticky":false,"template":"","format":"standard","meta":{"footnotes":""},"categories":[1],"tags":[2,16881,17304],"class_list":["post-51896","post","type-post","status-publish","format-standard","has-post-thumbnail","hentry","category-sem-categoria","tag-blog-do-edvaldo-magalhaes","tag-caruaru-e-regiao","tag-vice-prefeito-de-canhotinho-e-assassinado-a-tiros"],"_links":{"self":[{"href":"https:\/\/blogdoedvaldomagalhaes.com.br\/index.php\/wp-json\/wp\/v2\/posts\/51896","targetHints":{"allow":["GET"]}}],"collection":[{"href":"https:\/\/blogdoedvaldomagalhaes.com.br\/index.php\/wp-json\/wp\/v2\/posts"}],"about":[{"href":"https:\/\/blogdoedvaldomagalhaes.com.br\/index.php\/wp-json\/wp\/v2\/types\/post"}],"author":[{"embeddable":true,"href":"https:\/\/blogdoedvaldomagalhaes.com.br\/index.php\/wp-json\/wp\/v2\/users\/1"}],"replies":[{"embeddable":true,"href":"https:\/\/blogdoedvaldomagalhaes.com.br\/index.php\/wp-json\/wp\/v2\/comments?post=51896"}],"version-history":[{"count":4,"href":"https:\/\/blogdoedvaldomagalhaes.com.br\/index.php\/wp-json\/wp\/v2\/posts\/51896\/revisions"}],"predecessor-version":[{"id":51902,"href":"https:\/\/blogdoedvaldomagalhaes.com.br\/index.php\/wp-json\/wp\/v2\/posts\/51896\/revisions\/51902"}],"wp:featuredmedia":[{"embeddable":true,"href":"https:\/\/blogdoedvaldomagalhaes.com.br\/index.php\/wp-json\/wp\/v2\/media\/51897"}],"wp:attachment":[{"href":"https:\/\/blogdoedvaldomagalhaes.com.br\/index.php\/wp-json\/wp\/v2\/media?parent=51896"}],"wp:term":[{"taxonomy":"category","embeddable":true,"href":"https:\/\/blogdoedvaldomagalhaes.com.br\/index.php\/wp-json\/wp\/v2\/categories?post=51896"},{"taxonomy":"post_tag","embeddable":true,"href":"https:\/\/blogdoedvaldomagalhaes.com.br\/index.php\/wp-json\/wp\/v2\/tags?post=51896"}],"curies":[{"name":"wp","href":"https:\/\/api.w.org\/{rel}","templated":true}]}}