{"id":51890,"date":"2020-02-12T21:55:54","date_gmt":"2020-02-13T00:55:54","guid":{"rendered":"http:\/\/blogdoedvaldomagalhaes.com.br\/?p=51890"},"modified":"2020-02-12T22:38:33","modified_gmt":"2020-02-13T01:38:33","slug":"central-conquista-a-primeira-vitoria-no-campeonato-pernambucano-2020","status":"publish","type":"post","link":"https:\/\/blogdoedvaldomagalhaes.com.br\/index.php\/2020\/02\/12\/central-conquista-a-primeira-vitoria-no-campeonato-pernambucano-2020\/","title":{"rendered":"Central conquista a primeira vit\u00f3ria no Campeonato Pernambucano 2020"},"content":{"rendered":"<p>O Central venceu o Vit\u00f3ria\/PE por 1&#215;0, gol do zagueiro Alan Miguel aos 43 minutos do 2\u00b0 tempo, no Est\u00e1dio Luiz Jos\u00e9 de Lacerda (Lacerd\u00e3o), em Caruaru. Foi a primeira vit\u00f3ria da Patativa do Agreste no Campeonato Pernambucano da S\u00e9rie A1 de 2020. O p\u00fablico foi de 1.190 torcedores, proporcionando uma renda de R$ 15.155,00.<\/p>\n<p>O Central saiu da vice-lanterna para o 7\u00b0 lugar tabela de classifica\u00e7\u00e3o com 04 pontos conquistados.<\/p>\n<p>O pr\u00f3ximo jogo do alvi-negro caruaruense ser\u00e1 contra o Santa Cruz, \u00e0s 16h, no Est\u00e1dio Lacerd\u00e3o, no pr\u00f3ximo domingo (16).<\/p>\n","protected":false},"excerpt":{"rendered":"<p>O Central venceu o Vit\u00f3ria\/PE por 1&#215;0, gol do zagueiro Alan Miguel aos 43 minutos do 2\u00b0 tempo, no Est\u00e1dio&hellip;<\/p>\n","protected":false},"author":1,"featured_media":51891,"comment_status":"open","ping_status":"open","sticky":false,"template":"","format":"standard","meta":{"footnotes":""},"categories":[14124],"tags":[2,16881,17303],"class_list":["post-51890","post","type-post","status-publish","format-standard","has-post-thumbnail","hentry","category-centralsc","tag-blog-do-edvaldo-magalhaes","tag-caruaru-e-regiao","tag-central-conquista-a-primeira-vitoria-no-campeonato-pernambucano-2020"],"_links":{"self":[{"href":"https:\/\/blogdoedvaldomagalhaes.com.br\/index.php\/wp-json\/wp\/v2\/posts\/51890","targetHints":{"allow":["GET"]}}],"collection":[{"href":"https:\/\/blogdoedvaldomagalhaes.com.br\/index.php\/wp-json\/wp\/v2\/posts"}],"about":[{"href":"https:\/\/blogdoedvaldomagalhaes.com.br\/index.php\/wp-json\/wp\/v2\/types\/post"}],"author":[{"embeddable":true,"href":"https:\/\/blogdoedvaldomagalhaes.com.br\/index.php\/wp-json\/wp\/v2\/users\/1"}],"replies":[{"embeddable":true,"href":"https:\/\/blogdoedvaldomagalhaes.com.br\/index.php\/wp-json\/wp\/v2\/comments?post=51890"}],"version-history":[{"count":3,"href":"https:\/\/blogdoedvaldomagalhaes.com.br\/index.php\/wp-json\/wp\/v2\/posts\/51890\/revisions"}],"predecessor-version":[{"id":51895,"href":"https:\/\/blogdoedvaldomagalhaes.com.br\/index.php\/wp-json\/wp\/v2\/posts\/51890\/revisions\/51895"}],"wp:featuredmedia":[{"embeddable":true,"href":"https:\/\/blogdoedvaldomagalhaes.com.br\/index.php\/wp-json\/wp\/v2\/media\/51891"}],"wp:attachment":[{"href":"https:\/\/blogdoedvaldomagalhaes.com.br\/index.php\/wp-json\/wp\/v2\/media?parent=51890"}],"wp:term":[{"taxonomy":"category","embeddable":true,"href":"https:\/\/blogdoedvaldomagalhaes.com.br\/index.php\/wp-json\/wp\/v2\/categories?post=51890"},{"taxonomy":"post_tag","embeddable":true,"href":"https:\/\/blogdoedvaldomagalhaes.com.br\/index.php\/wp-json\/wp\/v2\/tags?post=51890"}],"curies":[{"name":"wp","href":"https:\/\/api.w.org\/{rel}","templated":true}]}}