{"id":51798,"date":"2020-02-10T18:16:27","date_gmt":"2020-02-10T21:16:27","guid":{"rendered":"http:\/\/blogdoedvaldomagalhaes.com.br\/?p=51798"},"modified":"2020-02-10T18:16:31","modified_gmt":"2020-02-10T21:16:31","slug":"motorista-e-detido-embriagado-e-com-carro-furtado-em-garanhuns","status":"publish","type":"post","link":"https:\/\/blogdoedvaldomagalhaes.com.br\/index.php\/2020\/02\/10\/motorista-e-detido-embriagado-e-com-carro-furtado-em-garanhuns\/","title":{"rendered":"Motorista \u00e9 detido embriagado e com carro furtado em Garanhuns"},"content":{"rendered":"<p><span style=\"font-size: inherit;\">Um homem de 32 anos, foi detido por dirigir sob efeito de \u00e1lcool e com um carro furtado, na noite de domingo (09), pela Pol\u00edcia Rodovi\u00e1ria Federal (PRF), na BR 423, em Garanhuns, no Agreste de Pernambuco. O ve\u00edculo chamou a aten\u00e7\u00e3o dos policias por estar realizando manobras perigosas na rodovia.<\/span><\/p>\n<p>Durante uma fiscaliza\u00e7\u00e3o no quil\u00f4metro 91, os policias deram ordem de parada a um ve\u00edculo que estava fazendo zigue-zague e invadindo a faixa contr\u00e1ria da rodovia. Ao descer do ve\u00edculo, o motorista apresentava sinais de embriaguez e dentro do autom\u00f3vel foram encontradas duas latas de cerveja abertas, com l\u00edquido derramado no piso. O homem informou aos policias que havia ingerido bebida alco\u00f3lica em um bar da regi\u00e3o.<\/p>\n<p>Ao realizar o teste do baf\u00f3metro, foi constatado o \u00edndice de 1,10 miligramas de \u00e1lcool por litro de ar, que caracteriza crime de tr\u00e2nsito. Ap\u00f3s consultas, foi verificado ainda que o motorista era inabilitado e que o carro possu\u00eda registro de furto em julho de 2019, no munic\u00edpio de Cansan\u00e7\u00e3o, na Bahia.<\/p>\n<p>O motorista e o ve\u00edculo foram encaminhados para a Delegacia de Pol\u00edcia Civil de Garanhuns, que dar\u00e1 prosseguimento \u00e0s medidas legais cab\u00edveis. O homem poder\u00e1 responder\u00e1 pelos crimes de embriaguez ao volante, com pena de deten\u00e7\u00e3o, de seis meses a tr\u00eas anos, e recepta\u00e7\u00e3o de ve\u00edculo, que prev\u00ea pena de reclus\u00e3o, de um a quatro anos e multa.<\/p>\n\n\n<figure class=\"wp-block-image size-large\"><img loading=\"lazy\" decoding=\"async\" width=\"1024\" height=\"573\" src=\"http:\/\/blogdoedvaldomagalhaes.com.br\/wp-content\/uploads\/2020\/02\/IMG-20200210-WA0213-1024x573.jpg\" alt=\"\" class=\"wp-image-51800\" srcset=\"https:\/\/blogdoedvaldomagalhaes.com.br\/wp-content\/uploads\/2020\/02\/IMG-20200210-WA0213-1024x573.jpg 1024w, https:\/\/blogdoedvaldomagalhaes.com.br\/wp-content\/uploads\/2020\/02\/IMG-20200210-WA0213-300x168.jpg 300w, https:\/\/blogdoedvaldomagalhaes.com.br\/wp-content\/uploads\/2020\/02\/IMG-20200210-WA0213-768x430.jpg 768w, https:\/\/blogdoedvaldomagalhaes.com.br\/wp-content\/uploads\/2020\/02\/IMG-20200210-WA0213.jpg 1111w\" sizes=\"auto, (max-width: 1024px) 100vw, 1024px\" \/><\/figure>\n\n\n\n<figure class=\"wp-block-image size-large\"><img loading=\"lazy\" decoding=\"async\" width=\"1024\" height=\"768\" src=\"http:\/\/blogdoedvaldomagalhaes.com.br\/wp-content\/uploads\/2020\/02\/IMG-20200210-WA0217-1024x768.jpg\" alt=\"\" class=\"wp-image-51801\" srcset=\"https:\/\/blogdoedvaldomagalhaes.com.br\/wp-content\/uploads\/2020\/02\/IMG-20200210-WA0217-1024x768.jpg 1024w, https:\/\/blogdoedvaldomagalhaes.com.br\/wp-content\/uploads\/2020\/02\/IMG-20200210-WA0217-300x225.jpg 300w, https:\/\/blogdoedvaldomagalhaes.com.br\/wp-content\/uploads\/2020\/02\/IMG-20200210-WA0217-768x576.jpg 768w, https:\/\/blogdoedvaldomagalhaes.com.br\/wp-content\/uploads\/2020\/02\/IMG-20200210-WA0217-160x120.jpg 160w, https:\/\/blogdoedvaldomagalhaes.com.br\/wp-content\/uploads\/2020\/02\/IMG-20200210-WA0217.jpg 1280w\" sizes=\"auto, (max-width: 1024px) 100vw, 1024px\" \/><\/figure>\n\n\n\n<figure class=\"wp-block-image size-large\"><img loading=\"lazy\" decoding=\"async\" width=\"768\" height=\"1024\" src=\"http:\/\/blogdoedvaldomagalhaes.com.br\/wp-content\/uploads\/2020\/02\/IMG-20200210-WA0211-768x1024.jpg\" alt=\"\" class=\"wp-image-51802\" srcset=\"https:\/\/blogdoedvaldomagalhaes.com.br\/wp-content\/uploads\/2020\/02\/IMG-20200210-WA0211-768x1024.jpg 768w, https:\/\/blogdoedvaldomagalhaes.com.br\/wp-content\/uploads\/2020\/02\/IMG-20200210-WA0211-225x300.jpg 225w, https:\/\/blogdoedvaldomagalhaes.com.br\/wp-content\/uploads\/2020\/02\/IMG-20200210-WA0211.jpg 960w\" sizes=\"auto, (max-width: 768px) 100vw, 768px\" \/><figcaption>Fotos: PRF\/Divulga\u00e7\u00e3o<\/figcaption><\/figure>\n","protected":false},"excerpt":{"rendered":"<p>Um homem de 32 anos, foi detido por dirigir sob efeito de \u00e1lcool e com um carro furtado, na noite&hellip;<\/p>\n","protected":false},"author":1,"featured_media":51799,"comment_status":"open","ping_status":"open","sticky":false,"template":"","format":"standard","meta":{"footnotes":""},"categories":[1],"tags":[2,16881,17283],"class_list":["post-51798","post","type-post","status-publish","format-standard","has-post-thumbnail","hentry","category-sem-categoria","tag-blog-do-edvaldo-magalhaes","tag-caruaru-e-regiao","tag-motorista-e-detido-embriagado-e-com-carro-furtado-em-garanhuns"],"_links":{"self":[{"href":"https:\/\/blogdoedvaldomagalhaes.com.br\/index.php\/wp-json\/wp\/v2\/posts\/51798","targetHints":{"allow":["GET"]}}],"collection":[{"href":"https:\/\/blogdoedvaldomagalhaes.com.br\/index.php\/wp-json\/wp\/v2\/posts"}],"about":[{"href":"https:\/\/blogdoedvaldomagalhaes.com.br\/index.php\/wp-json\/wp\/v2\/types\/post"}],"author":[{"embeddable":true,"href":"https:\/\/blogdoedvaldomagalhaes.com.br\/index.php\/wp-json\/wp\/v2\/users\/1"}],"replies":[{"embeddable":true,"href":"https:\/\/blogdoedvaldomagalhaes.com.br\/index.php\/wp-json\/wp\/v2\/comments?post=51798"}],"version-history":[{"count":1,"href":"https:\/\/blogdoedvaldomagalhaes.com.br\/index.php\/wp-json\/wp\/v2\/posts\/51798\/revisions"}],"predecessor-version":[{"id":51803,"href":"https:\/\/blogdoedvaldomagalhaes.com.br\/index.php\/wp-json\/wp\/v2\/posts\/51798\/revisions\/51803"}],"wp:featuredmedia":[{"embeddable":true,"href":"https:\/\/blogdoedvaldomagalhaes.com.br\/index.php\/wp-json\/wp\/v2\/media\/51799"}],"wp:attachment":[{"href":"https:\/\/blogdoedvaldomagalhaes.com.br\/index.php\/wp-json\/wp\/v2\/media?parent=51798"}],"wp:term":[{"taxonomy":"category","embeddable":true,"href":"https:\/\/blogdoedvaldomagalhaes.com.br\/index.php\/wp-json\/wp\/v2\/categories?post=51798"},{"taxonomy":"post_tag","embeddable":true,"href":"https:\/\/blogdoedvaldomagalhaes.com.br\/index.php\/wp-json\/wp\/v2\/tags?post=51798"}],"curies":[{"name":"wp","href":"https:\/\/api.w.org\/{rel}","templated":true}]}}