{"id":51788,"date":"2020-02-10T13:58:05","date_gmt":"2020-02-10T16:58:05","guid":{"rendered":"http:\/\/blogdoedvaldomagalhaes.com.br\/?p=51788"},"modified":"2020-02-10T13:58:07","modified_gmt":"2020-02-10T16:58:07","slug":"caminhao-pipa-perde-forca-desce-ladeira-de-re-e-atinge-varios-carros-em-caruaru","status":"publish","type":"post","link":"https:\/\/blogdoedvaldomagalhaes.com.br\/index.php\/2020\/02\/10\/caminhao-pipa-perde-forca-desce-ladeira-de-re-e-atinge-varios-carros-em-caruaru\/","title":{"rendered":"Caminh\u00e3o-pipa perde for\u00e7a, desce ladeira de r\u00e9 e atinge v\u00e1rios carros em Caruaru"},"content":{"rendered":"<p>O acidente de tr\u00e2nsito ocorreu no final da manh\u00e3 desta segunda-feira (10), na avenida C\u00edcero Jos\u00e9 Dutra, no bairro Petr\u00f3polis, em Caruaru, quando um caminh\u00e3o-pipa perdeu for\u00e7a na subida da referida avenida, desceu de r\u00e9 e atingiu cinco carros. Ningu\u00e9m ficou ferido.<\/p>\n\n\n<figure class=\"wp-block-image size-large\"><img loading=\"lazy\" decoding=\"async\" width=\"512\" height=\"1024\" src=\"http:\/\/blogdoedvaldomagalhaes.com.br\/wp-content\/uploads\/2020\/02\/IMG-20200210-WA0176-512x1024.jpg\" alt=\"\" class=\"wp-image-51790\" srcset=\"https:\/\/blogdoedvaldomagalhaes.com.br\/wp-content\/uploads\/2020\/02\/IMG-20200210-WA0176-512x1024.jpg 512w, https:\/\/blogdoedvaldomagalhaes.com.br\/wp-content\/uploads\/2020\/02\/IMG-20200210-WA0176-150x300.jpg 150w, https:\/\/blogdoedvaldomagalhaes.com.br\/wp-content\/uploads\/2020\/02\/IMG-20200210-WA0176.jpg 580w\" sizes=\"auto, (max-width: 512px) 100vw, 512px\" \/><\/figure>\n\n\n\n<figure class=\"wp-block-image size-large\"><img loading=\"lazy\" decoding=\"async\" width=\"512\" height=\"1024\" src=\"http:\/\/blogdoedvaldomagalhaes.com.br\/wp-content\/uploads\/2020\/02\/IMG-20200210-WA0177-512x1024.jpg\" alt=\"\" class=\"wp-image-51791\" srcset=\"https:\/\/blogdoedvaldomagalhaes.com.br\/wp-content\/uploads\/2020\/02\/IMG-20200210-WA0177-512x1024.jpg 512w, https:\/\/blogdoedvaldomagalhaes.com.br\/wp-content\/uploads\/2020\/02\/IMG-20200210-WA0177-150x300.jpg 150w, https:\/\/blogdoedvaldomagalhaes.com.br\/wp-content\/uploads\/2020\/02\/IMG-20200210-WA0177.jpg 580w\" sizes=\"auto, (max-width: 512px) 100vw, 512px\" \/><\/figure>\n\n\n\n<figure class=\"wp-block-image size-large\"><img loading=\"lazy\" decoding=\"async\" width=\"512\" height=\"1024\" src=\"http:\/\/blogdoedvaldomagalhaes.com.br\/wp-content\/uploads\/2020\/02\/IMG-20200210-WA0178-512x1024.jpg\" alt=\"\" class=\"wp-image-51792\" srcset=\"https:\/\/blogdoedvaldomagalhaes.com.br\/wp-content\/uploads\/2020\/02\/IMG-20200210-WA0178-512x1024.jpg 512w, https:\/\/blogdoedvaldomagalhaes.com.br\/wp-content\/uploads\/2020\/02\/IMG-20200210-WA0178-150x300.jpg 150w, https:\/\/blogdoedvaldomagalhaes.com.br\/wp-content\/uploads\/2020\/02\/IMG-20200210-WA0178.jpg 580w\" sizes=\"auto, (max-width: 512px) 100vw, 512px\" \/><\/figure>\n\n\n\n<figure class=\"wp-block-image size-large\"><img loading=\"lazy\" decoding=\"async\" width=\"512\" height=\"1024\" src=\"http:\/\/blogdoedvaldomagalhaes.com.br\/wp-content\/uploads\/2020\/02\/IMG-20200210-WA0173-512x1024.jpg\" alt=\"\" class=\"wp-image-51793\" srcset=\"https:\/\/blogdoedvaldomagalhaes.com.br\/wp-content\/uploads\/2020\/02\/IMG-20200210-WA0173-512x1024.jpg 512w, https:\/\/blogdoedvaldomagalhaes.com.br\/wp-content\/uploads\/2020\/02\/IMG-20200210-WA0173-150x300.jpg 150w, https:\/\/blogdoedvaldomagalhaes.com.br\/wp-content\/uploads\/2020\/02\/IMG-20200210-WA0173.jpg 580w\" sizes=\"auto, (max-width: 512px) 100vw, 512px\" \/><\/figure>\n\n\n\n<figure class=\"wp-block-image size-large\"><img loading=\"lazy\" decoding=\"async\" width=\"512\" height=\"1024\" src=\"http:\/\/blogdoedvaldomagalhaes.com.br\/wp-content\/uploads\/2020\/02\/IMG-20200210-WA0174-512x1024.jpg\" alt=\"\" class=\"wp-image-51794\" srcset=\"https:\/\/blogdoedvaldomagalhaes.com.br\/wp-content\/uploads\/2020\/02\/IMG-20200210-WA0174-512x1024.jpg 512w, https:\/\/blogdoedvaldomagalhaes.com.br\/wp-content\/uploads\/2020\/02\/IMG-20200210-WA0174-150x300.jpg 150w, https:\/\/blogdoedvaldomagalhaes.com.br\/wp-content\/uploads\/2020\/02\/IMG-20200210-WA0174.jpg 580w\" sizes=\"auto, (max-width: 512px) 100vw, 512px\" \/><\/figure>\n\n\n\n<figure class=\"wp-block-image size-large\"><img loading=\"lazy\" decoding=\"async\" width=\"512\" height=\"1024\" src=\"http:\/\/blogdoedvaldomagalhaes.com.br\/wp-content\/uploads\/2020\/02\/IMG-20200210-WA0175-512x1024.jpg\" alt=\"\" class=\"wp-image-51795\" srcset=\"https:\/\/blogdoedvaldomagalhaes.com.br\/wp-content\/uploads\/2020\/02\/IMG-20200210-WA0175-512x1024.jpg 512w, https:\/\/blogdoedvaldomagalhaes.com.br\/wp-content\/uploads\/2020\/02\/IMG-20200210-WA0175-150x300.jpg 150w, https:\/\/blogdoedvaldomagalhaes.com.br\/wp-content\/uploads\/2020\/02\/IMG-20200210-WA0175.jpg 580w\" sizes=\"auto, (max-width: 512px) 100vw, 512px\" \/><figcaption>Fotos: Reprodu\u00e7\u00e3o\/WhatsApp<\/figcaption><\/figure>\n","protected":false},"excerpt":{"rendered":"<p>O acidente de tr\u00e2nsito ocorreu no final da manh\u00e3 desta segunda-feira (10), na avenida C\u00edcero Jos\u00e9 Dutra, no bairro Petr\u00f3polis,&hellip;<\/p>\n","protected":false},"author":1,"featured_media":51789,"comment_status":"open","ping_status":"open","sticky":false,"template":"","format":"standard","meta":{"footnotes":""},"categories":[1],"tags":[2,17281,16881,17282],"class_list":["post-51788","post","type-post","status-publish","format-standard","has-post-thumbnail","hentry","category-sem-categoria","tag-blog-do-edvaldo-magalhaes","tag-caminhao-pipa-perde-forca","tag-caruaru-e-regiao","tag-desce-ladeira-de-re-e-atinge-varios-carros-em-caruaru"],"_links":{"self":[{"href":"https:\/\/blogdoedvaldomagalhaes.com.br\/index.php\/wp-json\/wp\/v2\/posts\/51788","targetHints":{"allow":["GET"]}}],"collection":[{"href":"https:\/\/blogdoedvaldomagalhaes.com.br\/index.php\/wp-json\/wp\/v2\/posts"}],"about":[{"href":"https:\/\/blogdoedvaldomagalhaes.com.br\/index.php\/wp-json\/wp\/v2\/types\/post"}],"author":[{"embeddable":true,"href":"https:\/\/blogdoedvaldomagalhaes.com.br\/index.php\/wp-json\/wp\/v2\/users\/1"}],"replies":[{"embeddable":true,"href":"https:\/\/blogdoedvaldomagalhaes.com.br\/index.php\/wp-json\/wp\/v2\/comments?post=51788"}],"version-history":[{"count":1,"href":"https:\/\/blogdoedvaldomagalhaes.com.br\/index.php\/wp-json\/wp\/v2\/posts\/51788\/revisions"}],"predecessor-version":[{"id":51796,"href":"https:\/\/blogdoedvaldomagalhaes.com.br\/index.php\/wp-json\/wp\/v2\/posts\/51788\/revisions\/51796"}],"wp:featuredmedia":[{"embeddable":true,"href":"https:\/\/blogdoedvaldomagalhaes.com.br\/index.php\/wp-json\/wp\/v2\/media\/51789"}],"wp:attachment":[{"href":"https:\/\/blogdoedvaldomagalhaes.com.br\/index.php\/wp-json\/wp\/v2\/media?parent=51788"}],"wp:term":[{"taxonomy":"category","embeddable":true,"href":"https:\/\/blogdoedvaldomagalhaes.com.br\/index.php\/wp-json\/wp\/v2\/categories?post=51788"},{"taxonomy":"post_tag","embeddable":true,"href":"https:\/\/blogdoedvaldomagalhaes.com.br\/index.php\/wp-json\/wp\/v2\/tags?post=51788"}],"curies":[{"name":"wp","href":"https:\/\/api.w.org\/{rel}","templated":true}]}}