{"id":51785,"date":"2020-02-10T12:55:59","date_gmt":"2020-02-10T15:55:59","guid":{"rendered":"http:\/\/blogdoedvaldomagalhaes.com.br\/?p=51785"},"modified":"2020-02-10T14:16:51","modified_gmt":"2020-02-10T17:16:51","slug":"secretario-executivo-de-eventos-de-tamandare-e-assassinado-com-um-tiro-na-cabeca","status":"publish","type":"post","link":"https:\/\/blogdoedvaldomagalhaes.com.br\/index.php\/2020\/02\/10\/secretario-executivo-de-eventos-de-tamandare-e-assassinado-com-um-tiro-na-cabeca\/","title":{"rendered":"Secret\u00e1rio executivo de Eventos de Tamandar\u00e9 \u00e9 assassinado com um tiro na cabe\u00e7a"},"content":{"rendered":"<p>O secret\u00e1rio executivo de Eventos de Tamandar\u00e9, Litoral Sul de Pernambuco, foi assassinado na madrugada desta segunda-feira (10). Ailton Boafirma, 46 anos, foi morto com um tiro na cabe\u00e7a. O corpo foi encontrado pelo irm\u00e3o da v\u00edtima.<\/p>\n<p>De acordo com informa\u00e7\u00f5es da Pol\u00edcia Civil, n\u00e3o havia sinais de arrombamento na resid\u00eancia. Autoria e motiva\u00e7\u00e3o do crime s\u00e3o desconhecidas at\u00e9 o momento.<\/p>\n<p>A Prefeitura de Tamandar\u00e9 divulgou nota de pesar lamentando o ocorrido.<\/p>\n<p><em>\u201cCom profundo pesar, a Prefeitura de Tamandar\u00e9 vem a p\u00fablico, em nome do prefeito S\u00e9rgio Hacker, secret\u00e1rios e servidores, manifestar \u00e0 fam\u00edlia enlutada, o mais profundo sentimento de pesar e solidariedade \u00e0 fam\u00edlia e amigos do servidor Ailton Boafirma (Secret\u00e1rio Executivo de Eventos), falecido nesta segunda-feira, 10 de fevereiro de 2020.<\/em><\/p>\n<p>Por Helenivaldo Pereira\/R\u00e1dio Liberdade.<\/p>\n","protected":false},"excerpt":{"rendered":"<p>O secret\u00e1rio executivo de Eventos de Tamandar\u00e9, Litoral Sul de Pernambuco, foi assassinado na madrugada desta segunda-feira (10). Ailton Boafirma,&hellip;<\/p>\n","protected":false},"author":1,"featured_media":51786,"comment_status":"open","ping_status":"open","sticky":false,"template":"","format":"standard","meta":{"footnotes":""},"categories":[1],"tags":[2,16881,17278],"class_list":["post-51785","post","type-post","status-publish","format-standard","has-post-thumbnail","hentry","category-sem-categoria","tag-blog-do-edvaldo-magalhaes","tag-caruaru-e-regiao","tag-secretario-executivo-de-eventos-de-tamandare-e-assassinado-com-um-tiro-na-cabeca"],"_links":{"self":[{"href":"https:\/\/blogdoedvaldomagalhaes.com.br\/index.php\/wp-json\/wp\/v2\/posts\/51785","targetHints":{"allow":["GET"]}}],"collection":[{"href":"https:\/\/blogdoedvaldomagalhaes.com.br\/index.php\/wp-json\/wp\/v2\/posts"}],"about":[{"href":"https:\/\/blogdoedvaldomagalhaes.com.br\/index.php\/wp-json\/wp\/v2\/types\/post"}],"author":[{"embeddable":true,"href":"https:\/\/blogdoedvaldomagalhaes.com.br\/index.php\/wp-json\/wp\/v2\/users\/1"}],"replies":[{"embeddable":true,"href":"https:\/\/blogdoedvaldomagalhaes.com.br\/index.php\/wp-json\/wp\/v2\/comments?post=51785"}],"version-history":[{"count":2,"href":"https:\/\/blogdoedvaldomagalhaes.com.br\/index.php\/wp-json\/wp\/v2\/posts\/51785\/revisions"}],"predecessor-version":[{"id":51797,"href":"https:\/\/blogdoedvaldomagalhaes.com.br\/index.php\/wp-json\/wp\/v2\/posts\/51785\/revisions\/51797"}],"wp:featuredmedia":[{"embeddable":true,"href":"https:\/\/blogdoedvaldomagalhaes.com.br\/index.php\/wp-json\/wp\/v2\/media\/51786"}],"wp:attachment":[{"href":"https:\/\/blogdoedvaldomagalhaes.com.br\/index.php\/wp-json\/wp\/v2\/media?parent=51785"}],"wp:term":[{"taxonomy":"category","embeddable":true,"href":"https:\/\/blogdoedvaldomagalhaes.com.br\/index.php\/wp-json\/wp\/v2\/categories?post=51785"},{"taxonomy":"post_tag","embeddable":true,"href":"https:\/\/blogdoedvaldomagalhaes.com.br\/index.php\/wp-json\/wp\/v2\/tags?post=51785"}],"curies":[{"name":"wp","href":"https:\/\/api.w.org\/{rel}","templated":true}]}}