{"id":5174,"date":"2017-08-04T17:19:00","date_gmt":"2017-08-04T20:19:00","guid":{"rendered":"http:\/\/blogdoedvaldomagalhaes.com.br\/index.php\/2017\/08\/04\/seurb-realiza-rebaixamento-de-arvore-e\/"},"modified":"2019-02-09T01:37:55","modified_gmt":"2019-02-09T03:37:55","slug":"seurb-realiza-rebaixamento-de-arvore-e","status":"publish","type":"post","link":"https:\/\/blogdoedvaldomagalhaes.com.br\/index.php\/2017\/08\/04\/seurb-realiza-rebaixamento-de-arvore-e\/","title":{"rendered":"SEURB realiza rebaixamento de \u00e1rvore em car\u00e1ter emergencial"},"content":{"rendered":"<div class=\"separator\" style=\"clear: both; text-align: center;\">\n<a href=\"https:\/\/3.bp.blogspot.com\/-UQYQTC4v3og\/WYSsXFffU9I\/AAAAAAAAazQ\/USpjiWx1DRQGbUnOsX4tmVVRNLb6xld1QCLcBGAs\/s1600\/ytijktk6t7ko6ok.jpg\" imageanchor=\"1\" style=\"margin-left: 1em; margin-right: 1em;\"><img loading=\"lazy\" decoding=\"async\" border=\"0\" data-original-height=\"960\" data-original-width=\"1444\" height=\"265\" src=\"http:\/\/blogdoedvaldomagalhaes.com.br\/wp-content\/uploads\/2017\/08\/ytijktk6t7ko6ok.jpg\" width=\"400\" \/><\/a><\/div>\n<div style=\"line-height: 150%; margin-bottom: .0001pt; margin: 0cm; text-align: justify; text-indent: 35.45pt;\">\n<\/div>\n<div class=\"separator\" style=\"clear: both; text-align: center;\">\n<a href=\"https:\/\/3.bp.blogspot.com\/-jDeFPBY0Xn4\/WYSsgRo0dEI\/AAAAAAAAazU\/zfbEEbcMoFQ12ZiJswTI6h4q2Ujym1LpgCLcBGAs\/s1600\/ythgjthyk.jpg\" imageanchor=\"1\" style=\"margin-left: 1em; margin-right: 1em;\"><img loading=\"lazy\" decoding=\"async\" border=\"0\" data-original-height=\"960\" data-original-width=\"1444\" height=\"265\" src=\"http:\/\/blogdoedvaldomagalhaes.com.br\/wp-content\/uploads\/2017\/08\/ythgjthyk.jpg\" width=\"400\" \/><\/a><\/div>\n<div style=\"line-height: 150%; margin-bottom: .0001pt; margin: 0cm; text-align: justify; text-indent: 35.45pt;\">\n<\/div>\n<div class=\"separator\" style=\"clear: both; text-align: center;\">\n<a href=\"https:\/\/2.bp.blogspot.com\/-m9tntwbb3HY\/WYSsrwjcXvI\/AAAAAAAAazY\/RglULxAtC20SYFFH9tJBcMcvdojQ-yKxACLcBGAs\/s1600\/yukl%252Cuil.JPG\" imageanchor=\"1\" style=\"margin-left: 1em; margin-right: 1em;\"><img loading=\"lazy\" decoding=\"async\" border=\"0\" data-original-height=\"1064\" data-original-width=\"1600\" height=\"265\" src=\"http:\/\/blogdoedvaldomagalhaes.com.br\/wp-content\/uploads\/2017\/08\/yukl2Cuil.jpg\" width=\"400\" \/><\/a><\/div>\n<div style=\"line-height: 150%; margin-bottom: .0001pt; margin: 0cm; text-align: justify; text-indent: 35.45pt;\">\n<\/p>\n<div class=\"MsoNormal\">\nA equipe de Podas da<br \/>\nSecretaria de Urbanismo e Obras (SEURB) realizou, na manh\u00e3 desta sexta (4), a<br \/>\npoda de rebaixamento de copa de uma \u00e1rvore de grande porte (Algaroba), medindo<br \/>\naproximadamente 18m de altura.<\/div>\n<div class=\"MsoNormal\">\n<\/div>\n<div class=\"MsoNormal\">\nA medida foi tomada em<br \/>\ncar\u00e1ter de urg\u00eancia, devido ao grande risco de tombamento, bem como, poss\u00edveis<br \/>\npreju\u00edzos materiais, por se tratar de uma \u00e1rea com bastante fluxo de ve\u00edculos e<br \/>\npedestres.<\/div>\n<div class=\"MsoNormal\">\n<\/div>\n<div class=\"MsoNormal\">\nA estrutura da esp\u00e9cie<br \/>\nestava comprometida, apresentando uma grande les\u00e3o no tronco, causando a<br \/>\ninstabilidade da mesma.<\/div>\n<div class=\"MsoNormal\">\n<\/div>\n<p><\/p>\n<div class=\"MsoNormal\">\nA interven\u00e7\u00e3o aconteceu na<br \/>\nRua Frei Caneca, Centro da cidade.<\/div>\n<\/div>\n","protected":false},"excerpt":{"rendered":"<p>A equipe de Podas da Secretaria de Urbanismo e Obras (SEURB) realizou, na manh\u00e3 desta sexta (4), a poda de&hellip;<\/p>\n","protected":false},"author":1,"featured_media":0,"comment_status":"open","ping_status":"open","sticky":false,"template":"","format":"standard","meta":{"footnotes":""},"categories":[1],"tags":[992,2252,6765,6766],"class_list":["post-5174","post","type-post","status-publish","format-standard","hentry","category-sem-categoria","tag-blog-do-edvaldo-do-magalhaes","tag-noticia","tag-seurb-realiza-rebaixamento-de-arvore-em-carater-emergencial","tag-u-frei-caneca"],"_links":{"self":[{"href":"https:\/\/blogdoedvaldomagalhaes.com.br\/index.php\/wp-json\/wp\/v2\/posts\/5174","targetHints":{"allow":["GET"]}}],"collection":[{"href":"https:\/\/blogdoedvaldomagalhaes.com.br\/index.php\/wp-json\/wp\/v2\/posts"}],"about":[{"href":"https:\/\/blogdoedvaldomagalhaes.com.br\/index.php\/wp-json\/wp\/v2\/types\/post"}],"author":[{"embeddable":true,"href":"https:\/\/blogdoedvaldomagalhaes.com.br\/index.php\/wp-json\/wp\/v2\/users\/1"}],"replies":[{"embeddable":true,"href":"https:\/\/blogdoedvaldomagalhaes.com.br\/index.php\/wp-json\/wp\/v2\/comments?post=5174"}],"version-history":[{"count":1,"href":"https:\/\/blogdoedvaldomagalhaes.com.br\/index.php\/wp-json\/wp\/v2\/posts\/5174\/revisions"}],"predecessor-version":[{"id":22741,"href":"https:\/\/blogdoedvaldomagalhaes.com.br\/index.php\/wp-json\/wp\/v2\/posts\/5174\/revisions\/22741"}],"wp:attachment":[{"href":"https:\/\/blogdoedvaldomagalhaes.com.br\/index.php\/wp-json\/wp\/v2\/media?parent=5174"}],"wp:term":[{"taxonomy":"category","embeddable":true,"href":"https:\/\/blogdoedvaldomagalhaes.com.br\/index.php\/wp-json\/wp\/v2\/categories?post=5174"},{"taxonomy":"post_tag","embeddable":true,"href":"https:\/\/blogdoedvaldomagalhaes.com.br\/index.php\/wp-json\/wp\/v2\/tags?post=5174"}],"curies":[{"name":"wp","href":"https:\/\/api.w.org\/{rel}","templated":true}]}}