{"id":51702,"date":"2020-02-08T08:41:37","date_gmt":"2020-02-08T11:41:37","guid":{"rendered":"http:\/\/blogdoedvaldomagalhaes.com.br\/?p=51702"},"modified":"2020-02-08T08:49:44","modified_gmt":"2020-02-08T11:49:44","slug":"homem-e-morto-a-golpes-de-faca-no-centro-de-agrestina-pe","status":"publish","type":"post","link":"https:\/\/blogdoedvaldomagalhaes.com.br\/index.php\/2020\/02\/08\/homem-e-morto-a-golpes-de-faca-no-centro-de-agrestina-pe\/","title":{"rendered":"Homem \u00e9 morto a golpes de faca no centro de Agrestina-PE"},"content":{"rendered":"<p><span style=\"font-size: inherit;\">O homic\u00eddio foi registrado na madrugada deste s\u00e1bado (08), na rua Jo\u00e3o Guilherme, no centro de Agrestina, no Agreste de Pernambuco. Leonardo Alves da Silva Filho, 27 anos de idade, que residia na rua Josefa Alves Ribeiro, no bairro Alto da Santa, em Agrestina, foi assassinado a golpes de faca. O corpo foi encaminhado para o IML de Caruaru.<\/span><\/p>\n","protected":false},"excerpt":{"rendered":"<p>O homic\u00eddio foi registrado na madrugada deste s\u00e1bado (08), na rua Jo\u00e3o Guilherme, no centro de Agrestina, no Agreste de&hellip;<\/p>\n","protected":false},"author":1,"featured_media":51703,"comment_status":"open","ping_status":"open","sticky":false,"template":"","format":"standard","meta":{"footnotes":""},"categories":[14121],"tags":[2,16881,17269],"class_list":["post-51702","post","type-post","status-publish","format-standard","has-post-thumbnail","hentry","category-policial","tag-blog-do-edvaldo-magalhaes","tag-caruaru-e-regiao","tag-homem-e-morto-a-golpes-de-faca-no-centro-de-agrestina-pe"],"_links":{"self":[{"href":"https:\/\/blogdoedvaldomagalhaes.com.br\/index.php\/wp-json\/wp\/v2\/posts\/51702","targetHints":{"allow":["GET"]}}],"collection":[{"href":"https:\/\/blogdoedvaldomagalhaes.com.br\/index.php\/wp-json\/wp\/v2\/posts"}],"about":[{"href":"https:\/\/blogdoedvaldomagalhaes.com.br\/index.php\/wp-json\/wp\/v2\/types\/post"}],"author":[{"embeddable":true,"href":"https:\/\/blogdoedvaldomagalhaes.com.br\/index.php\/wp-json\/wp\/v2\/users\/1"}],"replies":[{"embeddable":true,"href":"https:\/\/blogdoedvaldomagalhaes.com.br\/index.php\/wp-json\/wp\/v2\/comments?post=51702"}],"version-history":[{"count":1,"href":"https:\/\/blogdoedvaldomagalhaes.com.br\/index.php\/wp-json\/wp\/v2\/posts\/51702\/revisions"}],"predecessor-version":[{"id":51704,"href":"https:\/\/blogdoedvaldomagalhaes.com.br\/index.php\/wp-json\/wp\/v2\/posts\/51702\/revisions\/51704"}],"wp:featuredmedia":[{"embeddable":true,"href":"https:\/\/blogdoedvaldomagalhaes.com.br\/index.php\/wp-json\/wp\/v2\/media\/51703"}],"wp:attachment":[{"href":"https:\/\/blogdoedvaldomagalhaes.com.br\/index.php\/wp-json\/wp\/v2\/media?parent=51702"}],"wp:term":[{"taxonomy":"category","embeddable":true,"href":"https:\/\/blogdoedvaldomagalhaes.com.br\/index.php\/wp-json\/wp\/v2\/categories?post=51702"},{"taxonomy":"post_tag","embeddable":true,"href":"https:\/\/blogdoedvaldomagalhaes.com.br\/index.php\/wp-json\/wp\/v2\/tags?post=51702"}],"curies":[{"name":"wp","href":"https:\/\/api.w.org\/{rel}","templated":true}]}}