{"id":51698,"date":"2020-02-08T07:49:47","date_gmt":"2020-02-08T10:49:47","guid":{"rendered":"http:\/\/blogdoedvaldomagalhaes.com.br\/?p=51698"},"modified":"2020-02-08T16:00:41","modified_gmt":"2020-02-08T19:00:41","slug":"colisao-frontal-deixa-tres-mortos-e-dois-feridos-na-br-104-em-agrestina-pe","status":"publish","type":"post","link":"https:\/\/blogdoedvaldomagalhaes.com.br\/index.php\/2020\/02\/08\/colisao-frontal-deixa-tres-mortos-e-dois-feridos-na-br-104-em-agrestina-pe\/","title":{"rendered":"Colis\u00e3o frontal deixa tr\u00eas mortos e dois feridos na BR-104 em Agrestina-PE"},"content":{"rendered":"<p>De acordo com a Pol\u00edcia Rodovi\u00e1ria Federal (PRF), o acidente ocorreu na madrugada deste s\u00e1bado (08), no no km 82 da BR 104, no s\u00edtio Riacho do Peixe, em Agrestina. Foi <span style=\"font-size: inherit;\">uma colis\u00e3o frontal entre dois carros (Palio e Kwid). Pelos vest\u00edgios verificados no local, a suspeita \u00e9 de que o Palio teria entrado na contram\u00e3o da rodovia.<\/span><\/p>\n<p>Havia quatro pessoas no Kwid, tr\u00eas faleceram e o motorista do carro foi socorrido para o Hospital Regional do Agreste em Caruaru (HRA).\u00a0<\/p>\n<p>Havia apenas o motorista no Palio. Ele ficou ferido e foi socorrido para o HRA. O Palio pegou fogo ap\u00f3s a colis\u00e3o, mas o motorista n\u00e3o teve o corpo queimado.<\/p>\n<p>A rodovia ficou parcialmente interditada mas j\u00e1 foi liberada.<\/p>\n<p>Pela manh\u00e3 a equipe da Pol\u00edcia Rodovi\u00e1ria Federal (PRF) foi at\u00e9 o HRA e realizou o teste do etilometro com os motoristas. O resultado foi normal. Al\u00e9m<span style=\"font-size: inherit;\">\u00a0da PRF, a Pol\u00edcia Civil esteve no local e vai investigar o caso.<\/span><\/p>\n<p>As v\u00edtimas foram : Lenilson Vitalino da Silva, de 27 anos, que morava na rua Olindina Cordeiro Couto, no centro de Agrestina, propriet\u00e1rio de um bar; Juciano Jos\u00e9 da Silva, de 40 anos, que morava no s\u00edtio Riacho do Peixe; e Arlindo S\u00e9rgio da Silva, de 26 anos,\u00a0 que<span style=\"font-size: inherit;\"> morava no s\u00edtio Serra da Quit\u00e9ria, os tr\u00eas morreram. Ficaram feridos Airton Luiz da Silva, de 23 anos, <\/span><span style=\"font-size: inherit;\">e Henrique C\u00e9sar Silva, de 26 anos.<\/span><\/p>\n<p>Os<span style=\"font-size: inherit;\"> corpos foram encaminhados para o Instituto de Medicina Legal (IML) de Caruaru.<\/span><\/p>\n\n\n<figure class=\"wp-block-image size-large\"><img loading=\"lazy\" decoding=\"async\" width=\"1024\" height=\"768\" src=\"http:\/\/blogdoedvaldomagalhaes.com.br\/wp-content\/uploads\/2020\/02\/IMG-20200208-WA0033-1024x768.jpg\" alt=\"\" class=\"wp-image-51722\" srcset=\"https:\/\/blogdoedvaldomagalhaes.com.br\/wp-content\/uploads\/2020\/02\/IMG-20200208-WA0033-1024x768.jpg 1024w, https:\/\/blogdoedvaldomagalhaes.com.br\/wp-content\/uploads\/2020\/02\/IMG-20200208-WA0033-300x225.jpg 300w, https:\/\/blogdoedvaldomagalhaes.com.br\/wp-content\/uploads\/2020\/02\/IMG-20200208-WA0033-768x576.jpg 768w, https:\/\/blogdoedvaldomagalhaes.com.br\/wp-content\/uploads\/2020\/02\/IMG-20200208-WA0033-160x120.jpg 160w, https:\/\/blogdoedvaldomagalhaes.com.br\/wp-content\/uploads\/2020\/02\/IMG-20200208-WA0033.jpg 1152w\" sizes=\"auto, (max-width: 1024px) 100vw, 1024px\" \/><\/figure>\n\n\n\n<figure class=\"wp-block-image size-large\"><img loading=\"lazy\" decoding=\"async\" width=\"1024\" height=\"768\" src=\"http:\/\/blogdoedvaldomagalhaes.com.br\/wp-content\/uploads\/2020\/02\/IMG-20200208-WA0034-1024x768.jpg\" alt=\"\" class=\"wp-image-51715\" srcset=\"https:\/\/blogdoedvaldomagalhaes.com.br\/wp-content\/uploads\/2020\/02\/IMG-20200208-WA0034-1024x768.jpg 1024w, https:\/\/blogdoedvaldomagalhaes.com.br\/wp-content\/uploads\/2020\/02\/IMG-20200208-WA0034-300x225.jpg 300w, https:\/\/blogdoedvaldomagalhaes.com.br\/wp-content\/uploads\/2020\/02\/IMG-20200208-WA0034-768x576.jpg 768w, https:\/\/blogdoedvaldomagalhaes.com.br\/wp-content\/uploads\/2020\/02\/IMG-20200208-WA0034-160x120.jpg 160w, https:\/\/blogdoedvaldomagalhaes.com.br\/wp-content\/uploads\/2020\/02\/IMG-20200208-WA0034.jpg 1152w\" sizes=\"auto, (max-width: 1024px) 100vw, 1024px\" \/><\/figure>\n\n\n\n<figure class=\"wp-block-image size-large\"><img loading=\"lazy\" decoding=\"async\" width=\"1024\" height=\"768\" src=\"http:\/\/blogdoedvaldomagalhaes.com.br\/wp-content\/uploads\/2020\/02\/IMG-20200208-WA0030-1024x768.jpg\" alt=\"\" class=\"wp-image-51716\" srcset=\"https:\/\/blogdoedvaldomagalhaes.com.br\/wp-content\/uploads\/2020\/02\/IMG-20200208-WA0030-1024x768.jpg 1024w, https:\/\/blogdoedvaldomagalhaes.com.br\/wp-content\/uploads\/2020\/02\/IMG-20200208-WA0030-300x225.jpg 300w, https:\/\/blogdoedvaldomagalhaes.com.br\/wp-content\/uploads\/2020\/02\/IMG-20200208-WA0030-768x576.jpg 768w, https:\/\/blogdoedvaldomagalhaes.com.br\/wp-content\/uploads\/2020\/02\/IMG-20200208-WA0030-160x120.jpg 160w, https:\/\/blogdoedvaldomagalhaes.com.br\/wp-content\/uploads\/2020\/02\/IMG-20200208-WA0030.jpg 1152w\" sizes=\"auto, (max-width: 1024px) 100vw, 1024px\" \/><\/figure>\n\n\n\n<figure class=\"wp-block-image size-large\"><img loading=\"lazy\" decoding=\"async\" width=\"1024\" height=\"768\" src=\"http:\/\/blogdoedvaldomagalhaes.com.br\/wp-content\/uploads\/2020\/02\/IMG-20200208-WA0032-1024x768.jpg\" alt=\"\" class=\"wp-image-51717\" srcset=\"https:\/\/blogdoedvaldomagalhaes.com.br\/wp-content\/uploads\/2020\/02\/IMG-20200208-WA0032-1024x768.jpg 1024w, https:\/\/blogdoedvaldomagalhaes.com.br\/wp-content\/uploads\/2020\/02\/IMG-20200208-WA0032-300x225.jpg 300w, https:\/\/blogdoedvaldomagalhaes.com.br\/wp-content\/uploads\/2020\/02\/IMG-20200208-WA0032-768x576.jpg 768w, https:\/\/blogdoedvaldomagalhaes.com.br\/wp-content\/uploads\/2020\/02\/IMG-20200208-WA0032-160x120.jpg 160w, https:\/\/blogdoedvaldomagalhaes.com.br\/wp-content\/uploads\/2020\/02\/IMG-20200208-WA0032.jpg 1152w\" sizes=\"auto, (max-width: 1024px) 100vw, 1024px\" \/><\/figure>\n\n\n\n<figure class=\"wp-block-image size-large\"><img loading=\"lazy\" decoding=\"async\" width=\"1024\" height=\"768\" src=\"http:\/\/blogdoedvaldomagalhaes.com.br\/wp-content\/uploads\/2020\/02\/IMG-20200208-WA0028-1024x768.jpg\" alt=\"\" class=\"wp-image-51718\" srcset=\"https:\/\/blogdoedvaldomagalhaes.com.br\/wp-content\/uploads\/2020\/02\/IMG-20200208-WA0028-1024x768.jpg 1024w, https:\/\/blogdoedvaldomagalhaes.com.br\/wp-content\/uploads\/2020\/02\/IMG-20200208-WA0028-300x225.jpg 300w, https:\/\/blogdoedvaldomagalhaes.com.br\/wp-content\/uploads\/2020\/02\/IMG-20200208-WA0028-768x576.jpg 768w, https:\/\/blogdoedvaldomagalhaes.com.br\/wp-content\/uploads\/2020\/02\/IMG-20200208-WA0028-160x120.jpg 160w, https:\/\/blogdoedvaldomagalhaes.com.br\/wp-content\/uploads\/2020\/02\/IMG-20200208-WA0028.jpg 1152w\" sizes=\"auto, (max-width: 1024px) 100vw, 1024px\" \/><\/figure>\n\n\n\n<figure class=\"wp-block-image size-large\"><img loading=\"lazy\" decoding=\"async\" width=\"768\" height=\"1024\" src=\"http:\/\/blogdoedvaldomagalhaes.com.br\/wp-content\/uploads\/2020\/02\/IMG-20200208-WA0031-768x1024.jpg\" alt=\"\" class=\"wp-image-51719\" srcset=\"https:\/\/blogdoedvaldomagalhaes.com.br\/wp-content\/uploads\/2020\/02\/IMG-20200208-WA0031-768x1024.jpg 768w, https:\/\/blogdoedvaldomagalhaes.com.br\/wp-content\/uploads\/2020\/02\/IMG-20200208-WA0031-225x300.jpg 225w, https:\/\/blogdoedvaldomagalhaes.com.br\/wp-content\/uploads\/2020\/02\/IMG-20200208-WA0031.jpg 864w\" sizes=\"auto, (max-width: 768px) 100vw, 768px\" \/><\/figure>\n\n\n\n<figure class=\"wp-block-image size-large\"><img loading=\"lazy\" decoding=\"async\" width=\"768\" height=\"1024\" src=\"http:\/\/blogdoedvaldomagalhaes.com.br\/wp-content\/uploads\/2020\/02\/IMG-20200208-WA0029-768x1024.jpg\" alt=\"\" class=\"wp-image-51720\" srcset=\"https:\/\/blogdoedvaldomagalhaes.com.br\/wp-content\/uploads\/2020\/02\/IMG-20200208-WA0029-768x1024.jpg 768w, https:\/\/blogdoedvaldomagalhaes.com.br\/wp-content\/uploads\/2020\/02\/IMG-20200208-WA0029-225x300.jpg 225w, https:\/\/blogdoedvaldomagalhaes.com.br\/wp-content\/uploads\/2020\/02\/IMG-20200208-WA0029.jpg 864w\" sizes=\"auto, (max-width: 768px) 100vw, 768px\" \/><figcaption>Fotos: PRF\/Divulga\u00e7\u00e3o<\/figcaption><\/figure>\n\n\n\n<figure class=\"wp-block-image size-large\"><img loading=\"lazy\" decoding=\"async\" width=\"312\" height=\"793\" src=\"http:\/\/blogdoedvaldomagalhaes.com.br\/wp-content\/uploads\/2020\/02\/IMG-20200208-WA00242.jpg\" alt=\"\" class=\"wp-image-51724\" srcset=\"https:\/\/blogdoedvaldomagalhaes.com.br\/wp-content\/uploads\/2020\/02\/IMG-20200208-WA00242.jpg 312w, https:\/\/blogdoedvaldomagalhaes.com.br\/wp-content\/uploads\/2020\/02\/IMG-20200208-WA00242-118x300.jpg 118w\" sizes=\"auto, (max-width: 312px) 100vw, 312px\" \/><figcaption>Foto: Lenilson<\/figcaption><\/figure>\n\n\n\n<figure class=\"wp-block-image size-large\"><img loading=\"lazy\" decoding=\"async\" width=\"637\" height=\"1024\" src=\"http:\/\/blogdoedvaldomagalhaes.com.br\/wp-content\/uploads\/2020\/02\/IMG-20200208-WA00272-637x1024.jpg\" alt=\"\" class=\"wp-image-51706\" srcset=\"https:\/\/blogdoedvaldomagalhaes.com.br\/wp-content\/uploads\/2020\/02\/IMG-20200208-WA00272-637x1024.jpg 637w, https:\/\/blogdoedvaldomagalhaes.com.br\/wp-content\/uploads\/2020\/02\/IMG-20200208-WA00272-187x300.jpg 187w, https:\/\/blogdoedvaldomagalhaes.com.br\/wp-content\/uploads\/2020\/02\/IMG-20200208-WA00272.jpg 703w\" sizes=\"auto, (max-width: 637px) 100vw, 637px\" \/><figcaption>V\u00edtima fatal: Juciano<\/figcaption><\/figure>\n\n\n\n<figure class=\"wp-block-image size-large\"><img loading=\"lazy\" decoding=\"async\" width=\"649\" height=\"1024\" src=\"http:\/\/blogdoedvaldomagalhaes.com.br\/wp-content\/uploads\/2020\/02\/IMG-20200208-WA00232-649x1024.jpg\" alt=\"\" class=\"wp-image-51726\" srcset=\"https:\/\/blogdoedvaldomagalhaes.com.br\/wp-content\/uploads\/2020\/02\/IMG-20200208-WA00232-649x1024.jpg 649w, https:\/\/blogdoedvaldomagalhaes.com.br\/wp-content\/uploads\/2020\/02\/IMG-20200208-WA00232-190x300.jpg 190w, https:\/\/blogdoedvaldomagalhaes.com.br\/wp-content\/uploads\/2020\/02\/IMG-20200208-WA00232.jpg 708w\" sizes=\"auto, (max-width: 649px) 100vw, 649px\" \/><figcaption>V\u00edtima fatal: Arlindo<\/figcaption><\/figure>\n\n\n\n<figure class=\"wp-block-image size-large\"><img loading=\"lazy\" decoding=\"async\" width=\"611\" height=\"789\" src=\"http:\/\/blogdoedvaldomagalhaes.com.br\/wp-content\/uploads\/2020\/02\/IMG-20200208-WA00252.jpg\" alt=\"\" class=\"wp-image-51708\" srcset=\"https:\/\/blogdoedvaldomagalhaes.com.br\/wp-content\/uploads\/2020\/02\/IMG-20200208-WA00252.jpg 611w, https:\/\/blogdoedvaldomagalhaes.com.br\/wp-content\/uploads\/2020\/02\/IMG-20200208-WA00252-232x300.jpg 232w\" sizes=\"auto, (max-width: 611px) 100vw, 611px\" \/><figcaption>V\u00edtima fatal: Henrique<\/figcaption><\/figure>\n\n\n\n<figure class=\"wp-block-image size-large\"><img loading=\"lazy\" decoding=\"async\" width=\"607\" height=\"640\" src=\"http:\/\/blogdoedvaldomagalhaes.com.br\/wp-content\/uploads\/2020\/02\/IMG-20200208-WA00262.jpg\" alt=\"\" class=\"wp-image-51712\" srcset=\"https:\/\/blogdoedvaldomagalhaes.com.br\/wp-content\/uploads\/2020\/02\/IMG-20200208-WA00262.jpg 607w, https:\/\/blogdoedvaldomagalhaes.com.br\/wp-content\/uploads\/2020\/02\/IMG-20200208-WA00262-285x300.jpg 285w\" sizes=\"auto, (max-width: 607px) 100vw, 607px\" \/><figcaption>Ferido e socorrido pelo Samu: A\u00edrton Luiz<\/figcaption><\/figure>\n","protected":false},"excerpt":{"rendered":"<p>De acordo com a Pol\u00edcia Rodovi\u00e1ria Federal (PRF), o acidente ocorreu na madrugada deste s\u00e1bado (08), no no km 82&hellip;<\/p>\n","protected":false},"author":1,"featured_media":51700,"comment_status":"open","ping_status":"open","sticky":false,"template":"","format":"standard","meta":{"footnotes":""},"categories":[14120],"tags":[2,16881,17268],"class_list":["post-51698","post","type-post","status-publish","format-standard","has-post-thumbnail","hentry","category-noticias","tag-blog-do-edvaldo-magalhaes","tag-caruaru-e-regiao","tag-colisao-frontal-deixa-tres-mortos-e-dois-feridos-na-br-104-em-agrestina-pe"],"_links":{"self":[{"href":"https:\/\/blogdoedvaldomagalhaes.com.br\/index.php\/wp-json\/wp\/v2\/posts\/51698","targetHints":{"allow":["GET"]}}],"collection":[{"href":"https:\/\/blogdoedvaldomagalhaes.com.br\/index.php\/wp-json\/wp\/v2\/posts"}],"about":[{"href":"https:\/\/blogdoedvaldomagalhaes.com.br\/index.php\/wp-json\/wp\/v2\/types\/post"}],"author":[{"embeddable":true,"href":"https:\/\/blogdoedvaldomagalhaes.com.br\/index.php\/wp-json\/wp\/v2\/users\/1"}],"replies":[{"embeddable":true,"href":"https:\/\/blogdoedvaldomagalhaes.com.br\/index.php\/wp-json\/wp\/v2\/comments?post=51698"}],"version-history":[{"count":18,"href":"https:\/\/blogdoedvaldomagalhaes.com.br\/index.php\/wp-json\/wp\/v2\/posts\/51698\/revisions"}],"predecessor-version":[{"id":51742,"href":"https:\/\/blogdoedvaldomagalhaes.com.br\/index.php\/wp-json\/wp\/v2\/posts\/51698\/revisions\/51742"}],"wp:featuredmedia":[{"embeddable":true,"href":"https:\/\/blogdoedvaldomagalhaes.com.br\/index.php\/wp-json\/wp\/v2\/media\/51700"}],"wp:attachment":[{"href":"https:\/\/blogdoedvaldomagalhaes.com.br\/index.php\/wp-json\/wp\/v2\/media?parent=51698"}],"wp:term":[{"taxonomy":"category","embeddable":true,"href":"https:\/\/blogdoedvaldomagalhaes.com.br\/index.php\/wp-json\/wp\/v2\/categories?post=51698"},{"taxonomy":"post_tag","embeddable":true,"href":"https:\/\/blogdoedvaldomagalhaes.com.br\/index.php\/wp-json\/wp\/v2\/tags?post=51698"}],"curies":[{"name":"wp","href":"https:\/\/api.w.org\/{rel}","templated":true}]}}