{"id":51688,"date":"2020-02-07T11:42:05","date_gmt":"2020-02-07T14:42:05","guid":{"rendered":"http:\/\/blogdoedvaldomagalhaes.com.br\/?p=51688"},"modified":"2020-02-07T14:14:22","modified_gmt":"2020-02-07T17:14:22","slug":"ses-pe-convoca-populacao-de-5-a-19-anos-para-vacinacao-contra-o-sarampo","status":"publish","type":"post","link":"https:\/\/blogdoedvaldomagalhaes.com.br\/index.php\/2020\/02\/07\/ses-pe-convoca-populacao-de-5-a-19-anos-para-vacinacao-contra-o-sarampo\/","title":{"rendered":"SES-PE convoca popula\u00e7\u00e3o de 5 a 19 anos para vacina\u00e7\u00e3o contra o sarampo"},"content":{"rendered":"<p style=\"font-weight: 400;\">A Secretaria Estadual de Sa\u00fade (SES) d\u00e1 seguimento aos seus esfor\u00e7os para evitar novos adoecimentos pelo sarampo em Pernambuco e inicia nesta segunda-feira (10.02) campanha voltada para imuniza\u00e7\u00e3o do p\u00fablico entre 5 e 19 anos. A a\u00e7\u00e3o \u00e9 voltada para as crian\u00e7as e jovens que nunca forma vacinados, sendo necess\u00e1rias nessa faixa et\u00e1ria duas doses da tr\u00edplice viral, com um intervalo de 30 dias entre elas; ou para aqueles que ainda n\u00e3o finalizaram o esquema. Quem est\u00e1 com a caderneta de vacina\u00e7\u00e3o em dia n\u00e3o precisa tomar novas doses. Esta \u00e9 a terceira campanha desde 2019. Nas anteriores, foram beneficiadas as popula\u00e7\u00f5es de 6 meses a 4 anos e 20 a 29 anos.<\/p>\n<p style=\"font-weight: 400;\">&#8220;A vacina tr\u00edplice viral, que protege contra o sarampo, rub\u00e9ola e caxumba, est\u00e1 dispon\u00edvel de rotina nos postos de sa\u00fade. Mesmo assim, o Brasil inteiro est\u00e1 focado em chamar a aten\u00e7\u00e3o do p\u00fablico para import\u00e2ncia de manter a caderneta de vacina\u00e7\u00e3o em dia. Continuamos com a circula\u00e7\u00e3o do v\u00edrus do sarampo em diversos Estados brasileiros, inclusive em Pernambuco, al\u00e9m da ocorr\u00eancia da doen\u00e7a em diversos pa\u00edses. Com os pernambucanos devidamente protegidos, podemos quebrar a cadeia de transmiss\u00e3o no nosso Estado&#8221;, afirma a superintendente das Doen\u00e7as Imunopreven\u00edveis e Imuniza\u00e7\u00f5es da SES-PE, Ana Catarina de Melo.<\/p>\n<p style=\"font-weight: 400;\">De acordo com os dados preliminares de 2019, foram aplicadas 808.920 doses da vacina tr\u00edplice viral no Estado. O quantitativo \u00e9 54% maior do que o mesmo per\u00edodo de 2018 (524.356 doses). &#8220;Esse aumento \u00e9 importante pois significa que temos mais pessoas protegidas contra as tr\u00eas doen\u00e7as inclusas na vacina. Mas precisamos continuar lembrando que o imunizante \u00e9 disponibilizado de rotina e que cada faixa et\u00e1ria precisa finalizar todo o esquema para realmente estar imunizada. J\u00e1 temos casos confirmados de adoecimento neste ano, o que ratifica a necessidade de toda a popula\u00e7\u00e3o se conscientizar sobre a relev\u00e2ncia da vacina para a sa\u00fade individual e tamb\u00e9m coletiva&#8221;, refor\u00e7a Ana Catarina.<\/p>\n<p style=\"font-weight: 400;\">A vacina tr\u00edplice viral \u00e9 disponibilizada de rotina nos postos de sa\u00fade para o p\u00fablico de 6 meses a 11 meses &#8211; a chamada &#8220;dose zero&#8221;. Ao completar 1 ano, deve ser feita a primeira dose, com refor\u00e7o aos 15 meses (1 ano e 3 meses). Para a popula\u00e7\u00e3o de 2 a 29 anos n\u00e3o vacinada, o esquema \u00e9 feita em duas doses, com um intervalo de 30 dias entre elas. Adultos de 30 a 49 anos n\u00e3o imunizados precisam tomar apenas uma dose. Al\u00e9m disso, profissionais de sa\u00fade precisam ter um esquema feito com duas doses.<\/p>\n<p style=\"font-weight: 400;\">Uma nova campanha contra o sarampo, prevista para agosto deste ano, ser\u00e1 focada no p\u00fablico de 30 a 59 anos.<\/p>\n<p style=\"font-weight: 400;\"><strong>DADOS:<\/strong> At\u00e9 o dia 25 de janeiro, foram notificados 46 casos de sarampo em Pernambuco, com 3 confirma\u00e7\u00e3o e 16 descartes.<\/p>\n<p style=\"font-weight: 400;\">Em 2019, foram 315 confirma\u00e7\u00f5es de sarampo.<\/p>\n<p style=\"font-weight: 400;\"><strong>CASOS CONFIRMADOS DE SARAMPO<\/strong><\/p>\n<p style=\"font-weight: 400;\"><strong>2020<\/strong><\/p>\n<p style=\"font-weight: 400;\">I Geres: Paulista (2) e Olinda (1)<\/p>\n<p style=\"font-weight: 400;\"><strong>2019<\/strong><\/p>\n<p style=\"font-weight: 400;\">I Geres: Abreu e Lima (2); Cabo de Santo Agostinho (6); Camaragibe (4); Gl\u00f3ria do Goit\u00e1 (2); Ipojuca (1); Jaboat\u00e3o dos Guararapes (14); Olinda (7); Paulista (11), Recife (59) e Vitoria de Santo Ant\u00e3o (1);<\/p>\n<p style=\"font-weight: 400;\">II Geres: Carpina (2); Lagoa do Carro (7) e Limoeiro (1);<\/p>\n<p style=\"font-weight: 400;\">III Geres: Palmares (1) e Gameleira (1);<\/p>\n<p style=\"font-weight: 400;\">IV Geres: Bezerros (2); Bonito (1); Brejo da Madre de Deus (12); Caruaru (23);<\/p>\n<p style=\"font-weight: 400;\">Cupira (2); Frei Miguelinho (1); Gravat\u00e1 (3); Jata\u00faba (2); Riacho das Almas (1); Santa Cruz do Capibaribe (60); Santa Maria do Cambuc\u00e1 (1); Tacaimb\u00f3 (1); Taquaritinga do Norte (37); Toritama (24) e Vertentes (18);<\/p>\n<p style=\"font-weight: 400;\">V Geres: Ita\u00edba (1);<\/p>\n<p style=\"font-weight: 400;\">VI Geres: Arcoverde (1); Cust\u00f3dia (3) e Sert\u00e2nia (2);<\/p>\n<p style=\"font-weight: 400;\">XII Geres: Timba\u00faba (1).<\/p>\n","protected":false},"excerpt":{"rendered":"<p>A Secretaria Estadual de Sa\u00fade (SES) d\u00e1 seguimento aos seus esfor\u00e7os para evitar novos adoecimentos pelo sarampo em Pernambuco e&hellip;<\/p>\n","protected":false},"author":1,"featured_media":51689,"comment_status":"open","ping_status":"open","sticky":false,"template":"","format":"standard","meta":{"footnotes":""},"categories":[14120],"tags":[2,16881,17266],"class_list":["post-51688","post","type-post","status-publish","format-standard","has-post-thumbnail","hentry","category-noticias","tag-blog-do-edvaldo-magalhaes","tag-caruaru-e-regiao","tag-ses-pe-convoca-populacao-de-5-a-19-anos-para-vacinacao-contra-o-sarampo"],"_links":{"self":[{"href":"https:\/\/blogdoedvaldomagalhaes.com.br\/index.php\/wp-json\/wp\/v2\/posts\/51688","targetHints":{"allow":["GET"]}}],"collection":[{"href":"https:\/\/blogdoedvaldomagalhaes.com.br\/index.php\/wp-json\/wp\/v2\/posts"}],"about":[{"href":"https:\/\/blogdoedvaldomagalhaes.com.br\/index.php\/wp-json\/wp\/v2\/types\/post"}],"author":[{"embeddable":true,"href":"https:\/\/blogdoedvaldomagalhaes.com.br\/index.php\/wp-json\/wp\/v2\/users\/1"}],"replies":[{"embeddable":true,"href":"https:\/\/blogdoedvaldomagalhaes.com.br\/index.php\/wp-json\/wp\/v2\/comments?post=51688"}],"version-history":[{"count":1,"href":"https:\/\/blogdoedvaldomagalhaes.com.br\/index.php\/wp-json\/wp\/v2\/posts\/51688\/revisions"}],"predecessor-version":[{"id":51690,"href":"https:\/\/blogdoedvaldomagalhaes.com.br\/index.php\/wp-json\/wp\/v2\/posts\/51688\/revisions\/51690"}],"wp:featuredmedia":[{"embeddable":true,"href":"https:\/\/blogdoedvaldomagalhaes.com.br\/index.php\/wp-json\/wp\/v2\/media\/51689"}],"wp:attachment":[{"href":"https:\/\/blogdoedvaldomagalhaes.com.br\/index.php\/wp-json\/wp\/v2\/media?parent=51688"}],"wp:term":[{"taxonomy":"category","embeddable":true,"href":"https:\/\/blogdoedvaldomagalhaes.com.br\/index.php\/wp-json\/wp\/v2\/categories?post=51688"},{"taxonomy":"post_tag","embeddable":true,"href":"https:\/\/blogdoedvaldomagalhaes.com.br\/index.php\/wp-json\/wp\/v2\/tags?post=51688"}],"curies":[{"name":"wp","href":"https:\/\/api.w.org\/{rel}","templated":true}]}}