{"id":51678,"date":"2020-02-07T09:17:58","date_gmt":"2020-02-07T12:17:58","guid":{"rendered":"http:\/\/blogdoedvaldomagalhaes.com.br\/?p=51678"},"modified":"2020-02-07T10:48:03","modified_gmt":"2020-02-07T13:48:03","slug":"prf-registra-o-2o-menor-numero-de-mortes-em-rodovias-federais-de-pernambuco-nos-ultimos-dez-anos","status":"publish","type":"post","link":"https:\/\/blogdoedvaldomagalhaes.com.br\/index.php\/2020\/02\/07\/prf-registra-o-2o-menor-numero-de-mortes-em-rodovias-federais-de-pernambuco-nos-ultimos-dez-anos\/","title":{"rendered":"PRF registra o 2\u00ba menor n\u00famero de mortes em rodovias federais de Pernambuco nos \u00faltimos dez anos"},"content":{"rendered":"<p style=\"text-align: left;\"><span style=\"font-size: inherit;\">Um balan\u00e7o da Pol\u00edcia Rodovi\u00e1ria Federal (PRF) registrou 308 mortes nas rodovias federais de Pernambuco em 2019. Esse \u00e9 o segundo menor n\u00famero de mortes dos \u00faltimos dez anos, acima apenas do registrado no ano de 2018, quando 294 pessoas perderam a vida em acidentes de tr\u00e2nsito no estado.<\/span><\/p>\n<p>O total de acidentes no ano passado foi de 2.737, cerca de 1,4% maior do que o registrado em 2018, quando ocorreram 2.699 colis\u00f5es. A quantidade de feridos aumentou 4,2%, passando de 2.736 para 2.851 v\u00edtimas.<\/p>\n<p>Entre as principais causas que contribu\u00edram para esse aumento entre os anos de 2018 e 2019, destaca-se o mal s\u00fabito, que aumentou 81% e subiu de 16 para 29 acidentes; falta de aten\u00e7\u00e3o do pedestre, com 27% de acr\u00e9scimo, indo de 115 para 146 ocorr\u00eancias; n\u00e3o guardar dist\u00e2ncia de seguran\u00e7a, que subiu cerca de 12%, elevando de 172 para 192 colis\u00f5es; defeito mec\u00e2nico em ve\u00edculo, que cresceu 9% e registrou uma eleva\u00e7\u00e3o de 127 para 139 acidentes, al\u00e9m da ingest\u00e3o de \u00e1lcool, que teve um aumento de 8% e saltou de 230 para 249 registros.<\/p>\n<p>A maior quantidade de mortes registrada nos \u00faltimos dez anos foi em 2010, quando 475 pessoas perderam a vida em acidentes nas rodovias federais do estado. (veja gr\u00e1fico)<\/p>\n<p>Perfil dos Acidentes<\/p>\n<p>A principal causa de acidentes em 2019 foi a falta de aten\u00e7\u00e3o do condutor, com 36,7% dos registros. Em seguida, est\u00e3o a desobedi\u00eancia \u00e0s normas de tr\u00e2nsito (11,4%), ingest\u00e3o de \u00e1lcool (9%), n\u00e3o guardar dist\u00e2ncia de seguran\u00e7a dos outros ve\u00edculos (7%) e velocidade incompat\u00edvel com a via (5,2%).<\/p>\n<p>O tipo de acidente que mais ocorreu no ano passado foi a colis\u00e3o traseira, com 21,6% do total. Na sequ\u00eancia, aparecem as colis\u00f5es laterais (14,3%), colis\u00f5es transversais (13,2%), sa\u00eddas de pista (10,9%) e atropelamentos de pedestre (7,8%).<\/p>\n<p>Os homens foram as principais v\u00edtimas mortas nas rodovias federais, com 82,1% do total. A maioria dos acidentes ocorreu em trechos de reta (67,4%), no per\u00edodo diurno (56%), com c\u00e9u claro (62%) e em pista dupla (52%).<\/p>\n<p>Entre as rodovias federais de Pernambuco que mais tiveram acidentes em 2019, est\u00e3o a BR 101, com 1.022 registros, seguida pela BR 232, com 817 ocorr\u00eancias e a BR 428, com 170 colis\u00f5es.<\/p>\n<p>A\u00e7\u00f5es de fiscaliza\u00e7\u00e3o<\/p>\n<p>Em 2019, foram consultados 285.069 ve\u00edculos e 279.857 pessoas, sendo emitidos 131.511 autos de infra\u00e7\u00e3o por diversas irregularidades. Destacam-se 6.798 autua\u00e7\u00f5es por ultrapassagens em local proibido, 5.990 pelo n\u00e3o uso do cinto de seguran\u00e7a, 2.261 pela falta do capacete, 869 pela aus\u00eancia dos dispositivos de reten\u00e7\u00e3o para crian\u00e7as (beb\u00ea-conforto, cadeirinha ou assento de eleva\u00e7\u00e3o) e 194 pelo uso do celular ao volante.<\/p>\n<p>No combate \u00e0 alcoolemia foram realizados 98.755 testes com o baf\u00f4metro, que resultaram em 2.196 motoristas autuados e 222 detidos pela mistura de \u00e1lcool e dire\u00e7\u00e3o. Em 2018, foram feitos 73.803 testes com o baf\u00f4metro, com 1.729 autua\u00e7\u00f5es e 177 condutores detidos pela mistura de \u00e1lcool e dire\u00e7\u00e3o.<\/p>\n<p>As a\u00e7\u00f5es de educa\u00e7\u00e3o para o tr\u00e2nsito, que tem como objetivo conscientizar sobre cuidados para evitar acidentes, alcan\u00e7aram 19,1 mil motoristas e passageiros, enquanto as atividades de Direitos Humanos atingiram 5.588 pessoas.<\/p>\n<p>A Base de Opera\u00e7\u00f5es A\u00e9reas da PRF, que atua em conjunto com o Servi\u00e7o de Atendimento M\u00f3vel de Urg\u00eancia (SAMU), realizou o resgate e remo\u00e7\u00e3o de 35 v\u00edtimas de acidentes. No total, foram realizadas 304 miss\u00f5es aerom\u00e9dicas e policiais com a utiliza\u00e7\u00e3o da aeronave.<\/p>\n<p>No ano passado, foram recolhidos 731 animais que estavam soltos nas rodovias, emitidas 891 autua\u00e7\u00f5es por excesso de peso e registradas 5 mil toneladas de mercadorias com excesso em ve\u00edculos de carga.<\/p>\n<p>A fiscaliza\u00e7\u00e3o resultou ainda no recolhimento de 11.502 ve\u00edculos, 9.643 Certificados de Registro e Licenciamento de Ve\u00edculo (CRLVs) e 2.364 Carteiras Nacionais de Habilita\u00e7\u00e3o (CNHs).<\/p>\n\n\n<figure class=\"wp-block-image size-large\"><img loading=\"lazy\" decoding=\"async\" width=\"542\" height=\"306\" src=\"http:\/\/blogdoedvaldomagalhaes.com.br\/wp-content\/uploads\/2020\/02\/IMG-20200207-WA0069.jpg\" alt=\"\" class=\"wp-image-51686\" srcset=\"https:\/\/blogdoedvaldomagalhaes.com.br\/wp-content\/uploads\/2020\/02\/IMG-20200207-WA0069.jpg 542w, https:\/\/blogdoedvaldomagalhaes.com.br\/wp-content\/uploads\/2020\/02\/IMG-20200207-WA0069-300x169.jpg 300w\" sizes=\"auto, (max-width: 542px) 100vw, 542px\" \/><\/figure>\n\n\n\n<figure class=\"wp-block-image size-large\"><img loading=\"lazy\" decoding=\"async\" width=\"1024\" height=\"767\" src=\"http:\/\/blogdoedvaldomagalhaes.com.br\/wp-content\/uploads\/2020\/02\/IMG-20200207-WA0034-1024x767.jpg\" alt=\"\" class=\"wp-image-51680\" srcset=\"https:\/\/blogdoedvaldomagalhaes.com.br\/wp-content\/uploads\/2020\/02\/IMG-20200207-WA0034-1024x767.jpg 1024w, https:\/\/blogdoedvaldomagalhaes.com.br\/wp-content\/uploads\/2020\/02\/IMG-20200207-WA0034-300x225.jpg 300w, https:\/\/blogdoedvaldomagalhaes.com.br\/wp-content\/uploads\/2020\/02\/IMG-20200207-WA0034-768x575.jpg 768w, https:\/\/blogdoedvaldomagalhaes.com.br\/wp-content\/uploads\/2020\/02\/IMG-20200207-WA0034-160x120.jpg 160w, https:\/\/blogdoedvaldomagalhaes.com.br\/wp-content\/uploads\/2020\/02\/IMG-20200207-WA0034.jpg 1280w\" sizes=\"auto, (max-width: 1024px) 100vw, 1024px\" \/><\/figure>\n\n\n\n<figure class=\"wp-block-image size-large\"><img loading=\"lazy\" decoding=\"async\" width=\"1024\" height=\"560\" src=\"http:\/\/blogdoedvaldomagalhaes.com.br\/wp-content\/uploads\/2020\/02\/IMG-20200207-WA0035-1024x560.jpg\" alt=\"\" class=\"wp-image-51681\" srcset=\"https:\/\/blogdoedvaldomagalhaes.com.br\/wp-content\/uploads\/2020\/02\/IMG-20200207-WA0035-1024x560.jpg 1024w, https:\/\/blogdoedvaldomagalhaes.com.br\/wp-content\/uploads\/2020\/02\/IMG-20200207-WA0035-300x164.jpg 300w, https:\/\/blogdoedvaldomagalhaes.com.br\/wp-content\/uploads\/2020\/02\/IMG-20200207-WA0035-768x420.jpg 768w, https:\/\/blogdoedvaldomagalhaes.com.br\/wp-content\/uploads\/2020\/02\/IMG-20200207-WA0035.jpg 1280w\" sizes=\"auto, (max-width: 1024px) 100vw, 1024px\" \/><\/figure>\n\n\n\n<figure class=\"wp-block-image size-large\"><img loading=\"lazy\" decoding=\"async\" width=\"1024\" height=\"767\" src=\"http:\/\/blogdoedvaldomagalhaes.com.br\/wp-content\/uploads\/2020\/02\/IMG-20200207-WA0036-1024x767.jpg\" alt=\"\" class=\"wp-image-51682\" srcset=\"https:\/\/blogdoedvaldomagalhaes.com.br\/wp-content\/uploads\/2020\/02\/IMG-20200207-WA0036-1024x767.jpg 1024w, https:\/\/blogdoedvaldomagalhaes.com.br\/wp-content\/uploads\/2020\/02\/IMG-20200207-WA0036-300x225.jpg 300w, https:\/\/blogdoedvaldomagalhaes.com.br\/wp-content\/uploads\/2020\/02\/IMG-20200207-WA0036-768x575.jpg 768w, https:\/\/blogdoedvaldomagalhaes.com.br\/wp-content\/uploads\/2020\/02\/IMG-20200207-WA0036-160x120.jpg 160w, https:\/\/blogdoedvaldomagalhaes.com.br\/wp-content\/uploads\/2020\/02\/IMG-20200207-WA0036.jpg 1280w\" sizes=\"auto, (max-width: 1024px) 100vw, 1024px\" \/><figcaption>Fotos: PRF\/Divulga\u00e7\u00e3o<\/figcaption><\/figure>\n","protected":false},"excerpt":{"rendered":"<p>Um balan\u00e7o da Pol\u00edcia Rodovi\u00e1ria Federal (PRF) registrou 308 mortes nas rodovias federais de Pernambuco em 2019. Esse \u00e9 o&hellip;<\/p>\n","protected":false},"author":1,"featured_media":51679,"comment_status":"open","ping_status":"open","sticky":false,"template":"","format":"standard","meta":{"footnotes":""},"categories":[14120],"tags":[2,16881,17265],"class_list":["post-51678","post","type-post","status-publish","format-standard","has-post-thumbnail","hentry","category-noticias","tag-blog-do-edvaldo-magalhaes","tag-caruaru-e-regiao","tag-prf-registra-o-2o-menor-numero-de-mortes-em-rodovias-federais-de-pernambuco-nos-ultimos-dez-anos"],"_links":{"self":[{"href":"https:\/\/blogdoedvaldomagalhaes.com.br\/index.php\/wp-json\/wp\/v2\/posts\/51678","targetHints":{"allow":["GET"]}}],"collection":[{"href":"https:\/\/blogdoedvaldomagalhaes.com.br\/index.php\/wp-json\/wp\/v2\/posts"}],"about":[{"href":"https:\/\/blogdoedvaldomagalhaes.com.br\/index.php\/wp-json\/wp\/v2\/types\/post"}],"author":[{"embeddable":true,"href":"https:\/\/blogdoedvaldomagalhaes.com.br\/index.php\/wp-json\/wp\/v2\/users\/1"}],"replies":[{"embeddable":true,"href":"https:\/\/blogdoedvaldomagalhaes.com.br\/index.php\/wp-json\/wp\/v2\/comments?post=51678"}],"version-history":[{"count":2,"href":"https:\/\/blogdoedvaldomagalhaes.com.br\/index.php\/wp-json\/wp\/v2\/posts\/51678\/revisions"}],"predecessor-version":[{"id":51687,"href":"https:\/\/blogdoedvaldomagalhaes.com.br\/index.php\/wp-json\/wp\/v2\/posts\/51678\/revisions\/51687"}],"wp:featuredmedia":[{"embeddable":true,"href":"https:\/\/blogdoedvaldomagalhaes.com.br\/index.php\/wp-json\/wp\/v2\/media\/51679"}],"wp:attachment":[{"href":"https:\/\/blogdoedvaldomagalhaes.com.br\/index.php\/wp-json\/wp\/v2\/media?parent=51678"}],"wp:term":[{"taxonomy":"category","embeddable":true,"href":"https:\/\/blogdoedvaldomagalhaes.com.br\/index.php\/wp-json\/wp\/v2\/categories?post=51678"},{"taxonomy":"post_tag","embeddable":true,"href":"https:\/\/blogdoedvaldomagalhaes.com.br\/index.php\/wp-json\/wp\/v2\/tags?post=51678"}],"curies":[{"name":"wp","href":"https:\/\/api.w.org\/{rel}","templated":true}]}}