{"id":51666,"date":"2020-02-06T21:29:05","date_gmt":"2020-02-07T00:29:05","guid":{"rendered":"http:\/\/blogdoedvaldomagalhaes.com.br\/?p=51666"},"modified":"2020-02-06T21:30:15","modified_gmt":"2020-02-07T00:30:15","slug":"tony-gel-solicita-reuniao-solene-para-homenagear-os-100-anos-da-acic","status":"publish","type":"post","link":"https:\/\/blogdoedvaldomagalhaes.com.br\/index.php\/2020\/02\/06\/tony-gel-solicita-reuniao-solene-para-homenagear-os-100-anos-da-acic\/","title":{"rendered":"Tony Gel solicita Reuni\u00e3o Solene para homenagear os 100 anos da Acic"},"content":{"rendered":"<p style=\"text-align: justify;\">O Deputado Estadual Tony Gel (MDB), solicitou \u00e0 Mesa Diretora da Assembleia Legislativa, que seja realizada Reuni\u00e3o Solene em homenagem aos 100 anos de funda\u00e7\u00e3o da Associa\u00e7\u00e3o Comercial e Empresarial de Caruaru (ACIC).<\/p>\n<p style=\"text-align: justify;\">O parlamentar destacou que \u00e0 Associa\u00e7\u00e3o Comercial e Empresarial de Caruaru (ACIC) foi fundada em dia 4 de abril de 1920, sendo considerada hoje, a maior Associa\u00e7\u00e3o Comercial do Norte e Nordeste, superando os \u00edndices registrados em todas as capitais nordestinas, com mais de 2000 associados.<\/p>\n<p style=\"text-align: justify;\">A ACIC tem por miss\u00e3o \u201cPromover o desenvolvimento de Caruaru e regi\u00e3o atrav\u00e9s do associativismo\u201d. Ao longo desses 100 anos, a Associa\u00e7\u00e3o vem cumprindo fielmente seus objetivos estatut\u00e1rios de unir o setor empresarial em prol do desenvolvimento local e regional, al\u00e9m de promover o aprimoramento profissional, n\u00e3o apenas dos empres\u00e1rios, como tamb\u00e9m dos seus funcion\u00e1rios, registrou Tony Gel.<\/p>\n<p style=\"text-align: justify;\">O Deputado lembrou que a Acic teve como fundador e primeiro presidente o saudoso Manoel de Freitas Torres dos Santos, presidente nos per\u00edodos de 1920\/1931 e 1934\/1935. Era farmac\u00eautico, qu\u00edmico, projetista, fot\u00f3grafo, livreiro e capit\u00e3o cirurgi\u00e3o da Guarda Nacional, e que faleceu a 5 de abril de 1946, e que atualmente o presidente \u00e9 Luverson Ferreira, empres\u00e1rio do ramo t\u00eaxtil e imobili\u00e1rio, bem como s\u00f3cio propriet\u00e1rio da holding de empresas que compreende LVF empreendimentos, Grupo AVIL e Shopping Difusora de Caruaru.<\/p>\n","protected":false},"excerpt":{"rendered":"<p>O Deputado Estadual Tony Gel (MDB), solicitou \u00e0 Mesa Diretora da Assembleia Legislativa, que seja realizada Reuni\u00e3o Solene em homenagem&hellip;<\/p>\n","protected":false},"author":1,"featured_media":51667,"comment_status":"open","ping_status":"open","sticky":false,"template":"","format":"standard","meta":{"footnotes":""},"categories":[14122],"tags":[2,16881,17263],"class_list":["post-51666","post","type-post","status-publish","format-standard","has-post-thumbnail","hentry","category-politica","tag-blog-do-edvaldo-magalhaes","tag-caruaru-e-regiao","tag-tony-gel-solicita-reuniao-solene-para-homenagear-os-100-anos-da-acic"],"_links":{"self":[{"href":"https:\/\/blogdoedvaldomagalhaes.com.br\/index.php\/wp-json\/wp\/v2\/posts\/51666","targetHints":{"allow":["GET"]}}],"collection":[{"href":"https:\/\/blogdoedvaldomagalhaes.com.br\/index.php\/wp-json\/wp\/v2\/posts"}],"about":[{"href":"https:\/\/blogdoedvaldomagalhaes.com.br\/index.php\/wp-json\/wp\/v2\/types\/post"}],"author":[{"embeddable":true,"href":"https:\/\/blogdoedvaldomagalhaes.com.br\/index.php\/wp-json\/wp\/v2\/users\/1"}],"replies":[{"embeddable":true,"href":"https:\/\/blogdoedvaldomagalhaes.com.br\/index.php\/wp-json\/wp\/v2\/comments?post=51666"}],"version-history":[{"count":2,"href":"https:\/\/blogdoedvaldomagalhaes.com.br\/index.php\/wp-json\/wp\/v2\/posts\/51666\/revisions"}],"predecessor-version":[{"id":51669,"href":"https:\/\/blogdoedvaldomagalhaes.com.br\/index.php\/wp-json\/wp\/v2\/posts\/51666\/revisions\/51669"}],"wp:featuredmedia":[{"embeddable":true,"href":"https:\/\/blogdoedvaldomagalhaes.com.br\/index.php\/wp-json\/wp\/v2\/media\/51667"}],"wp:attachment":[{"href":"https:\/\/blogdoedvaldomagalhaes.com.br\/index.php\/wp-json\/wp\/v2\/media?parent=51666"}],"wp:term":[{"taxonomy":"category","embeddable":true,"href":"https:\/\/blogdoedvaldomagalhaes.com.br\/index.php\/wp-json\/wp\/v2\/categories?post=51666"},{"taxonomy":"post_tag","embeddable":true,"href":"https:\/\/blogdoedvaldomagalhaes.com.br\/index.php\/wp-json\/wp\/v2\/tags?post=51666"}],"curies":[{"name":"wp","href":"https:\/\/api.w.org\/{rel}","templated":true}]}}