{"id":51661,"date":"2020-02-06T20:05:07","date_gmt":"2020-02-06T23:05:07","guid":{"rendered":"http:\/\/blogdoedvaldomagalhaes.com.br\/?p=51661"},"modified":"2020-02-06T20:05:10","modified_gmt":"2020-02-06T23:05:10","slug":"prefeitura-de-caruaru-e-orgaos-de-seguranca-realizam-visita-tecnica-para-o-carnaval-2020","status":"publish","type":"post","link":"https:\/\/blogdoedvaldomagalhaes.com.br\/index.php\/2020\/02\/06\/prefeitura-de-caruaru-e-orgaos-de-seguranca-realizam-visita-tecnica-para-o-carnaval-2020\/","title":{"rendered":"Prefeitura de Caruaru  e \u00f3rg\u00e3os de seguran\u00e7a realizam visita t\u00e9cnica para o Carnaval 2020"},"content":{"rendered":"<p><span style=\"font-size: inherit;\">A Prefeitura de Caruaru realizou, na manh\u00e3 desta quinta-feira (6), uma visita t\u00e9cnica nas ruas que receber\u00e3o programa\u00e7\u00e3o do Carnaval Caruaru Cultural. O encontro contou com participa\u00e7\u00e3o da Pol\u00edcia Militar e do Corpo de Bombeiros, e teve como objetivo identificar pontos que podem ser melhorados at\u00e9 o dia do evento.<\/span><\/p>\n<p>Por parte da prefeitura, estiveram presentes representantes da Funda\u00e7\u00e3o de Cultura e Turismo (FCTC); Secretaria de Ordem P\u00fablica (Secop); Autarquia Municipal de Defesa Social, Tr\u00e2nsito e Transportes (Destra); Secretaria de Servi\u00e7os P\u00fablicos (Sesp); Secretaria de Sa\u00fade (SMS); Secretaria de Pol\u00edticas para Mulheres (SPM); Secretaria de Obras; Secretaria de Desenvolvimento Social e Direitos Humanos (SDSDH) e Programa de Orienta\u00e7\u00e3o e Prote\u00e7\u00e3o ao Consumidor (Procon).<\/p>\n<p>&#8220;S\u00e3o secretarias que est\u00e3o envolvidas com o planejamento da festa, e tamb\u00e9m com a Pol\u00edcia Militar e o Corpo de Bombeiros, para que eles passassem a vis\u00e3o deles de seguran\u00e7a, al\u00e9m de melhorias relacionadas \u00e0 manuten\u00e7\u00e3o do espa\u00e7o. Tudo isso para que o foli\u00e3o possa curtir essa festa da forma mais tranquila poss\u00edvel\u201d, destacou o vice-presidente da Funda\u00e7\u00e3o de Cultura e Turismo, F\u00falvio Wagner Lopes.<\/p>\n<p>*Carnaval Caruaru Cultural*<br \/>Para come\u00e7ar a programa\u00e7\u00e3o da pr\u00e9-folia de Momo, a Funda\u00e7\u00e3o de Cultura traz um novo formato de festa este ano. A grande novidade \u00e9 a festa Abre Alas, que marca oficialmente a abertura do Carnaval na cidade. Ser\u00e1 um verdadeiro convite aos caruaruenses e turistas a aproveitar uma grande confraterniza\u00e7\u00e3o aberta ao p\u00fablico, gratuita e com as atra\u00e7\u00f5es Orquestra de Frevo Fernando Borges; Banda Babado Novo e o recifense Andr\u00e9 Rio.<\/p>\n<p>Para o s\u00e1bado pr\u00e9-carnavalesco (15), a Funda\u00e7\u00e3o de Cultura e Turismo de Caruaru organizou sete polos de anima\u00e7\u00e3o que oferecer\u00e3o muito frevo, samba, desfiles de blocos e muita folia. S\u00e3o eles: Polo Pedro Sucata (Rua Jo\u00e3o Cond\u00e9); Polo Caf\u00e9 com Frevo (Pra\u00e7a do Banco do Brasil \u2013 Caf\u00e9 Guarany); Polo Jackson do Pandeiro (Rua Oscar Mariano); Polo Inclus\u00e3o na Folia (Pra\u00e7a Jos\u00e9 Martins); Polo Esta\u00e7\u00e3o Folia (Esta\u00e7\u00e3o Ferrovi\u00e1ria); Polo Aldo Teixeira (Rua dos Expedicion\u00e1rios); Corredor Carlos Fernando (Rua Silva Jardim). Palco Rec-Beat chega a terceira edi\u00e7\u00e3o trazendo atra\u00e7\u00f5es como DJ 440, Gabi da Pele Preta, o grupo colombiano Frente Cumbieiro e Siba. As apresenta\u00e7\u00f5es come\u00e7ar\u00e3o a partir das 16h.<\/p>\n<p>No domingo, a vez \u00e9 das crian\u00e7as. A partir das 16h, os pequenos poder\u00e3o se divertir com uma s\u00e9rie de a\u00e7\u00f5es e atra\u00e7\u00f5es, no Polo Esta\u00e7\u00e3o Folia.<\/p>\n\n\n<figure class=\"wp-block-image size-large\"><img loading=\"lazy\" decoding=\"async\" width=\"1024\" height=\"685\" src=\"http:\/\/blogdoedvaldomagalhaes.com.br\/wp-content\/uploads\/2020\/02\/IMG-20200206-WA0107-1024x685.jpg\" alt=\"\" class=\"wp-image-51662\" srcset=\"https:\/\/blogdoedvaldomagalhaes.com.br\/wp-content\/uploads\/2020\/02\/IMG-20200206-WA0107-1024x685.jpg 1024w, https:\/\/blogdoedvaldomagalhaes.com.br\/wp-content\/uploads\/2020\/02\/IMG-20200206-WA0107-300x201.jpg 300w, https:\/\/blogdoedvaldomagalhaes.com.br\/wp-content\/uploads\/2020\/02\/IMG-20200206-WA0107-768x514.jpg 768w, https:\/\/blogdoedvaldomagalhaes.com.br\/wp-content\/uploads\/2020\/02\/IMG-20200206-WA0107.jpg 1280w\" sizes=\"auto, (max-width: 1024px) 100vw, 1024px\" \/><\/figure>\n\n\n\n<figure class=\"wp-block-image size-large\"><img loading=\"lazy\" decoding=\"async\" width=\"1024\" height=\"693\" src=\"http:\/\/blogdoedvaldomagalhaes.com.br\/wp-content\/uploads\/2020\/02\/IMG-20200206-WA0109-1024x693.jpg\" alt=\"\" class=\"wp-image-51664\" srcset=\"https:\/\/blogdoedvaldomagalhaes.com.br\/wp-content\/uploads\/2020\/02\/IMG-20200206-WA0109-1024x693.jpg 1024w, https:\/\/blogdoedvaldomagalhaes.com.br\/wp-content\/uploads\/2020\/02\/IMG-20200206-WA0109-300x203.jpg 300w, https:\/\/blogdoedvaldomagalhaes.com.br\/wp-content\/uploads\/2020\/02\/IMG-20200206-WA0109-768x520.jpg 768w, https:\/\/blogdoedvaldomagalhaes.com.br\/wp-content\/uploads\/2020\/02\/IMG-20200206-WA0109.jpg 1280w\" sizes=\"auto, (max-width: 1024px) 100vw, 1024px\" \/><figcaption>Fotos: Arnaldo F\u00e9lix<\/figcaption><\/figure>\n","protected":false},"excerpt":{"rendered":"<p>A Prefeitura de Caruaru realizou, na manh\u00e3 desta quinta-feira (6), uma visita t\u00e9cnica nas ruas que receber\u00e3o programa\u00e7\u00e3o do Carnaval&hellip;<\/p>\n","protected":false},"author":1,"featured_media":51663,"comment_status":"open","ping_status":"open","sticky":false,"template":"","format":"standard","meta":{"footnotes":""},"categories":[14120],"tags":[2,16881],"class_list":["post-51661","post","type-post","status-publish","format-standard","has-post-thumbnail","hentry","category-noticias","tag-blog-do-edvaldo-magalhaes","tag-caruaru-e-regiao"],"_links":{"self":[{"href":"https:\/\/blogdoedvaldomagalhaes.com.br\/index.php\/wp-json\/wp\/v2\/posts\/51661","targetHints":{"allow":["GET"]}}],"collection":[{"href":"https:\/\/blogdoedvaldomagalhaes.com.br\/index.php\/wp-json\/wp\/v2\/posts"}],"about":[{"href":"https:\/\/blogdoedvaldomagalhaes.com.br\/index.php\/wp-json\/wp\/v2\/types\/post"}],"author":[{"embeddable":true,"href":"https:\/\/blogdoedvaldomagalhaes.com.br\/index.php\/wp-json\/wp\/v2\/users\/1"}],"replies":[{"embeddable":true,"href":"https:\/\/blogdoedvaldomagalhaes.com.br\/index.php\/wp-json\/wp\/v2\/comments?post=51661"}],"version-history":[{"count":1,"href":"https:\/\/blogdoedvaldomagalhaes.com.br\/index.php\/wp-json\/wp\/v2\/posts\/51661\/revisions"}],"predecessor-version":[{"id":51665,"href":"https:\/\/blogdoedvaldomagalhaes.com.br\/index.php\/wp-json\/wp\/v2\/posts\/51661\/revisions\/51665"}],"wp:featuredmedia":[{"embeddable":true,"href":"https:\/\/blogdoedvaldomagalhaes.com.br\/index.php\/wp-json\/wp\/v2\/media\/51663"}],"wp:attachment":[{"href":"https:\/\/blogdoedvaldomagalhaes.com.br\/index.php\/wp-json\/wp\/v2\/media?parent=51661"}],"wp:term":[{"taxonomy":"category","embeddable":true,"href":"https:\/\/blogdoedvaldomagalhaes.com.br\/index.php\/wp-json\/wp\/v2\/categories?post=51661"},{"taxonomy":"post_tag","embeddable":true,"href":"https:\/\/blogdoedvaldomagalhaes.com.br\/index.php\/wp-json\/wp\/v2\/tags?post=51661"}],"curies":[{"name":"wp","href":"https:\/\/api.w.org\/{rel}","templated":true}]}}