{"id":51656,"date":"2020-02-06T19:46:56","date_gmt":"2020-02-06T22:46:56","guid":{"rendered":"http:\/\/blogdoedvaldomagalhaes.com.br\/?p=51656"},"modified":"2020-02-06T19:46:59","modified_gmt":"2020-02-06T22:46:59","slug":"vitima-de-explosao-em-gravata-e-socorrida-pelo-helicoptero-da-prf","status":"publish","type":"post","link":"https:\/\/blogdoedvaldomagalhaes.com.br\/index.php\/2020\/02\/06\/vitima-de-explosao-em-gravata-e-socorrida-pelo-helicoptero-da-prf\/","title":{"rendered":"V\u00edtima de explos\u00e3o em Gravat\u00e1 \u00e9 socorrida pelo helic\u00f3ptero da PRF"},"content":{"rendered":"<p>Por volta das 14h30 desta quinta-feira (06), a Base de Opera\u00e7\u00f5es A\u00e9reas da PRF, que atua em conjunto com o SAMU , realizou a remo\u00e7\u00e3o a\u00e9rea de um paciente, de 25 anos, v\u00edtima de explos\u00e3o em Gravat\u00e1.<\/p>\n<p>A v\u00edtima estava tentando serrar com uma maquita um tanque ou tonel com produto qu\u00edmico, quando ocorreu a explos\u00e3o.<\/p>\n<p>O paciente foi removido de helic\u00f3ptero do Hospital Paulo da Veiga Pessoa, em Gravat\u00e1, para o Hospital da Restaura\u00e7\u00e3o, no Derby, na \u00e1rea central do Recife.<\/p>\n<p>A v\u00edtima teve fraturas na mand\u00edbula e clav\u00edcula, al\u00e9m de uma poss\u00edvel luxa\u00e7\u00e3o cervical.<\/p>\n\n\n<figure class=\"wp-block-image size-large\"><img loading=\"lazy\" decoding=\"async\" width=\"1024\" height=\"768\" src=\"http:\/\/blogdoedvaldomagalhaes.com.br\/wp-content\/uploads\/2020\/02\/IMG-20200206-WA0099-1024x768.jpg\" alt=\"\" class=\"wp-image-51658\" srcset=\"https:\/\/blogdoedvaldomagalhaes.com.br\/wp-content\/uploads\/2020\/02\/IMG-20200206-WA0099-1024x768.jpg 1024w, https:\/\/blogdoedvaldomagalhaes.com.br\/wp-content\/uploads\/2020\/02\/IMG-20200206-WA0099-300x225.jpg 300w, https:\/\/blogdoedvaldomagalhaes.com.br\/wp-content\/uploads\/2020\/02\/IMG-20200206-WA0099-768x576.jpg 768w, https:\/\/blogdoedvaldomagalhaes.com.br\/wp-content\/uploads\/2020\/02\/IMG-20200206-WA0099-160x120.jpg 160w, https:\/\/blogdoedvaldomagalhaes.com.br\/wp-content\/uploads\/2020\/02\/IMG-20200206-WA0099.jpg 1152w\" sizes=\"auto, (max-width: 1024px) 100vw, 1024px\" \/><\/figure>\n\n\n\n<figure class=\"wp-block-image size-large\"><img loading=\"lazy\" decoding=\"async\" width=\"1024\" height=\"768\" src=\"http:\/\/blogdoedvaldomagalhaes.com.br\/wp-content\/uploads\/2020\/02\/IMG-20200206-WA0101-1024x768.jpg\" alt=\"\" class=\"wp-image-51659\" srcset=\"https:\/\/blogdoedvaldomagalhaes.com.br\/wp-content\/uploads\/2020\/02\/IMG-20200206-WA0101-1024x768.jpg 1024w, https:\/\/blogdoedvaldomagalhaes.com.br\/wp-content\/uploads\/2020\/02\/IMG-20200206-WA0101-300x225.jpg 300w, https:\/\/blogdoedvaldomagalhaes.com.br\/wp-content\/uploads\/2020\/02\/IMG-20200206-WA0101-768x576.jpg 768w, https:\/\/blogdoedvaldomagalhaes.com.br\/wp-content\/uploads\/2020\/02\/IMG-20200206-WA0101-160x120.jpg 160w, https:\/\/blogdoedvaldomagalhaes.com.br\/wp-content\/uploads\/2020\/02\/IMG-20200206-WA0101.jpg 1152w\" sizes=\"auto, (max-width: 1024px) 100vw, 1024px\" \/><figcaption>Informa\u00e7\u00f5es e fotos: PRF<\/figcaption><\/figure>\n","protected":false},"excerpt":{"rendered":"<p>Por volta das 14h30 desta quinta-feira (06), a Base de Opera\u00e7\u00f5es A\u00e9reas da PRF, que atua em conjunto com o&hellip;<\/p>\n","protected":false},"author":1,"featured_media":51657,"comment_status":"open","ping_status":"open","sticky":false,"template":"","format":"standard","meta":{"footnotes":""},"categories":[14120],"tags":[2,16881,17261],"class_list":["post-51656","post","type-post","status-publish","format-standard","has-post-thumbnail","hentry","category-noticias","tag-blog-do-edvaldo-magalhaes","tag-caruaru-e-regiao","tag-vitima-de-explosao-em-gravata-e-socorrida-pelo-helicoptero-da-prf"],"_links":{"self":[{"href":"https:\/\/blogdoedvaldomagalhaes.com.br\/index.php\/wp-json\/wp\/v2\/posts\/51656","targetHints":{"allow":["GET"]}}],"collection":[{"href":"https:\/\/blogdoedvaldomagalhaes.com.br\/index.php\/wp-json\/wp\/v2\/posts"}],"about":[{"href":"https:\/\/blogdoedvaldomagalhaes.com.br\/index.php\/wp-json\/wp\/v2\/types\/post"}],"author":[{"embeddable":true,"href":"https:\/\/blogdoedvaldomagalhaes.com.br\/index.php\/wp-json\/wp\/v2\/users\/1"}],"replies":[{"embeddable":true,"href":"https:\/\/blogdoedvaldomagalhaes.com.br\/index.php\/wp-json\/wp\/v2\/comments?post=51656"}],"version-history":[{"count":1,"href":"https:\/\/blogdoedvaldomagalhaes.com.br\/index.php\/wp-json\/wp\/v2\/posts\/51656\/revisions"}],"predecessor-version":[{"id":51660,"href":"https:\/\/blogdoedvaldomagalhaes.com.br\/index.php\/wp-json\/wp\/v2\/posts\/51656\/revisions\/51660"}],"wp:featuredmedia":[{"embeddable":true,"href":"https:\/\/blogdoedvaldomagalhaes.com.br\/index.php\/wp-json\/wp\/v2\/media\/51657"}],"wp:attachment":[{"href":"https:\/\/blogdoedvaldomagalhaes.com.br\/index.php\/wp-json\/wp\/v2\/media?parent=51656"}],"wp:term":[{"taxonomy":"category","embeddable":true,"href":"https:\/\/blogdoedvaldomagalhaes.com.br\/index.php\/wp-json\/wp\/v2\/categories?post=51656"},{"taxonomy":"post_tag","embeddable":true,"href":"https:\/\/blogdoedvaldomagalhaes.com.br\/index.php\/wp-json\/wp\/v2\/tags?post=51656"}],"curies":[{"name":"wp","href":"https:\/\/api.w.org\/{rel}","templated":true}]}}