{"id":51653,"date":"2020-02-06T18:09:50","date_gmt":"2020-02-06T21:09:50","guid":{"rendered":"http:\/\/blogdoedvaldomagalhaes.com.br\/?p=51653"},"modified":"2020-02-06T18:09:53","modified_gmt":"2020-02-06T21:09:53","slug":"festa-de-sao-jose-2020-sera-lancada-no-domingo-9-em-caruaru","status":"publish","type":"post","link":"https:\/\/blogdoedvaldomagalhaes.com.br\/index.php\/2020\/02\/06\/festa-de-sao-jose-2020-sera-lancada-no-domingo-9-em-caruaru\/","title":{"rendered":"Festa de S\u00e3o Jos\u00e9 2020 ser\u00e1 lan\u00e7ada no domingo (9) em Caruaru"},"content":{"rendered":"<p><span style=\"font-size: inherit;\">A edi\u00e7\u00e3o 2020 da Festa de S\u00e3o Jos\u00e9 ser\u00e1 lan\u00e7ada no domingo (9) em Caruaru. Durante dez dias, mais de 15 mil pessoas v\u00e3o celebrar o padroeiro no bairro Petr\u00f3polis.<\/span><\/p>\n<p>O evento de lan\u00e7amento est\u00e1 marcado para \u00e0s 19h, ap\u00f3s a Missa na matriz de S\u00e3o Jos\u00e9. Ser\u00e3o apresentados, para a comunidade, o tema, a programa\u00e7\u00e3o com os padres e bandas convidadas, a camisa e todos os produtos relacionados \u00e0 festividade.<\/p>\n<p>A Matriz de S\u00e3o Jos\u00e9 est\u00e1 localizada na Avenida C\u00edcero Jos\u00e9 Dutra, ao lado da Fafica, no bairro Petr\u00f3polis.<\/p>\n","protected":false},"excerpt":{"rendered":"<p>A edi\u00e7\u00e3o 2020 da Festa de S\u00e3o Jos\u00e9 ser\u00e1 lan\u00e7ada no domingo (9) em Caruaru. Durante dez dias, mais de&hellip;<\/p>\n","protected":false},"author":1,"featured_media":51654,"comment_status":"open","ping_status":"open","sticky":false,"template":"","format":"standard","meta":{"footnotes":""},"categories":[14120],"tags":[2,16881,17260],"class_list":["post-51653","post","type-post","status-publish","format-standard","has-post-thumbnail","hentry","category-noticias","tag-blog-do-edvaldo-magalhaes","tag-caruaru-e-regiao","tag-festa-de-sao-jose-2020-sera-lancada-no-domingo-9-em-caruaru"],"_links":{"self":[{"href":"https:\/\/blogdoedvaldomagalhaes.com.br\/index.php\/wp-json\/wp\/v2\/posts\/51653","targetHints":{"allow":["GET"]}}],"collection":[{"href":"https:\/\/blogdoedvaldomagalhaes.com.br\/index.php\/wp-json\/wp\/v2\/posts"}],"about":[{"href":"https:\/\/blogdoedvaldomagalhaes.com.br\/index.php\/wp-json\/wp\/v2\/types\/post"}],"author":[{"embeddable":true,"href":"https:\/\/blogdoedvaldomagalhaes.com.br\/index.php\/wp-json\/wp\/v2\/users\/1"}],"replies":[{"embeddable":true,"href":"https:\/\/blogdoedvaldomagalhaes.com.br\/index.php\/wp-json\/wp\/v2\/comments?post=51653"}],"version-history":[{"count":1,"href":"https:\/\/blogdoedvaldomagalhaes.com.br\/index.php\/wp-json\/wp\/v2\/posts\/51653\/revisions"}],"predecessor-version":[{"id":51655,"href":"https:\/\/blogdoedvaldomagalhaes.com.br\/index.php\/wp-json\/wp\/v2\/posts\/51653\/revisions\/51655"}],"wp:featuredmedia":[{"embeddable":true,"href":"https:\/\/blogdoedvaldomagalhaes.com.br\/index.php\/wp-json\/wp\/v2\/media\/51654"}],"wp:attachment":[{"href":"https:\/\/blogdoedvaldomagalhaes.com.br\/index.php\/wp-json\/wp\/v2\/media?parent=51653"}],"wp:term":[{"taxonomy":"category","embeddable":true,"href":"https:\/\/blogdoedvaldomagalhaes.com.br\/index.php\/wp-json\/wp\/v2\/categories?post=51653"},{"taxonomy":"post_tag","embeddable":true,"href":"https:\/\/blogdoedvaldomagalhaes.com.br\/index.php\/wp-json\/wp\/v2\/tags?post=51653"}],"curies":[{"name":"wp","href":"https:\/\/api.w.org\/{rel}","templated":true}]}}