{"id":51650,"date":"2020-02-06T18:00:35","date_gmt":"2020-02-06T21:00:35","guid":{"rendered":"http:\/\/blogdoedvaldomagalhaes.com.br\/?p=51650"},"modified":"2020-02-06T18:00:39","modified_gmt":"2020-02-06T21:00:39","slug":"companhias-aereas-oferecem-voos-extras-para-pernambuco-durante-o-carnaval","status":"publish","type":"post","link":"https:\/\/blogdoedvaldomagalhaes.com.br\/index.php\/2020\/02\/06\/companhias-aereas-oferecem-voos-extras-para-pernambuco-durante-o-carnaval\/","title":{"rendered":"Companhias a\u00e9reas oferecem voos extras para Pernambuco durante o Carnaval"},"content":{"rendered":"<p><span style=\"font-size: inherit;\">O per\u00edodo de Carnaval \u00e9 respons\u00e1vel por movimentar o turismo e elevar o n\u00famero de visitantes que buscam conhecer os encantos da festividade em Pernambuco. Para atender a maior demanda, as companhias a\u00e9reas t\u00eam colocado em opera\u00e7\u00e3o voos extras com destino ao Estado.<\/span><\/p>\n<p>A Azul Linhas A\u00e9reas anunciou 76 novas frequ\u00eancias entre os dias 21 e 26 de fevereiro, \u00e9poca da Folia de Momo. O aumento ir\u00e1 ofertar 4.550 assentos a mais do que a opera\u00e7\u00e3o normal. Recife-Macei\u00f3, Recife-Belo Horizonte, Recife-Noronha, Recife-Rio (Gale\u00e3o), Recife-Fortaleza, Recife-Aracaju, Recife-Campina Grande, Recife-Guarulhos, Recife-Goi\u00e2nia, Recife-Jo\u00e3o Pessoa, Recife-Petrolina e Recife-Teresina ser\u00e3o os mercados beneficiados.<br \/>\nJ\u00e1 a LATAM disponibilizou dois voos (1 ida e 1 volta) no dia 21\/2 e outros dois (1 ida e 1 volta) no dia 23\/2. As viagens ser\u00e3o operadas entre os aeroportos de S\u00e3o Paulo\/Guarulhos e Recife e operados por aeronaves A321, com capacidade para 220 passageiros.<\/p>\n<p>\u201cO Carnaval \u00e9 um dos principais atrativos do turismo de Pernambuco e, cientes disso, as companhias a\u00e9reas t\u00eam trabalhado de maneira estendida para atender o p\u00fablico que quer nos visitar. Essa medida aumenta a movimenta\u00e7\u00e3o tur\u00edstica em nosso Estado, consequentemente reflete na economia do Estado e serve para apresentar as riquezas culturais para um n\u00famero ainda maior de visitantes\u201d, afirma o secret\u00e1rio de Turismo e Lazer, Rodrigo Novaes.<\/p>\n<p>Outra empresa que destinou uma capacidade extra de funcionamento para o Estado foi a Gol. A companhia ir\u00e1 contar com 20 opera\u00e7\u00f5es acima do normal e 30 novos voos com destino ao Rio de Janeiro, Bras\u00edlia e S\u00e3o Paulo. O funcionamento estendido ocorre de 20 de fevereiro a 2 de mar\u00e7o.<\/p>\n","protected":false},"excerpt":{"rendered":"<p>O per\u00edodo de Carnaval \u00e9 respons\u00e1vel por movimentar o turismo e elevar o n\u00famero de visitantes que buscam conhecer os&hellip;<\/p>\n","protected":false},"author":1,"featured_media":51651,"comment_status":"open","ping_status":"open","sticky":false,"template":"","format":"standard","meta":{"footnotes":""},"categories":[14120],"tags":[2,16881,17259],"class_list":["post-51650","post","type-post","status-publish","format-standard","has-post-thumbnail","hentry","category-noticias","tag-blog-do-edvaldo-magalhaes","tag-caruaru-e-regiao","tag-companhias-aereas-oferecem-voos-extras-para-pernambuco-durante-o-carnaval"],"_links":{"self":[{"href":"https:\/\/blogdoedvaldomagalhaes.com.br\/index.php\/wp-json\/wp\/v2\/posts\/51650","targetHints":{"allow":["GET"]}}],"collection":[{"href":"https:\/\/blogdoedvaldomagalhaes.com.br\/index.php\/wp-json\/wp\/v2\/posts"}],"about":[{"href":"https:\/\/blogdoedvaldomagalhaes.com.br\/index.php\/wp-json\/wp\/v2\/types\/post"}],"author":[{"embeddable":true,"href":"https:\/\/blogdoedvaldomagalhaes.com.br\/index.php\/wp-json\/wp\/v2\/users\/1"}],"replies":[{"embeddable":true,"href":"https:\/\/blogdoedvaldomagalhaes.com.br\/index.php\/wp-json\/wp\/v2\/comments?post=51650"}],"version-history":[{"count":1,"href":"https:\/\/blogdoedvaldomagalhaes.com.br\/index.php\/wp-json\/wp\/v2\/posts\/51650\/revisions"}],"predecessor-version":[{"id":51652,"href":"https:\/\/blogdoedvaldomagalhaes.com.br\/index.php\/wp-json\/wp\/v2\/posts\/51650\/revisions\/51652"}],"wp:featuredmedia":[{"embeddable":true,"href":"https:\/\/blogdoedvaldomagalhaes.com.br\/index.php\/wp-json\/wp\/v2\/media\/51651"}],"wp:attachment":[{"href":"https:\/\/blogdoedvaldomagalhaes.com.br\/index.php\/wp-json\/wp\/v2\/media?parent=51650"}],"wp:term":[{"taxonomy":"category","embeddable":true,"href":"https:\/\/blogdoedvaldomagalhaes.com.br\/index.php\/wp-json\/wp\/v2\/categories?post=51650"},{"taxonomy":"post_tag","embeddable":true,"href":"https:\/\/blogdoedvaldomagalhaes.com.br\/index.php\/wp-json\/wp\/v2\/tags?post=51650"}],"curies":[{"name":"wp","href":"https:\/\/api.w.org\/{rel}","templated":true}]}}