{"id":51645,"date":"2020-02-06T15:06:56","date_gmt":"2020-02-06T18:06:56","guid":{"rendered":"http:\/\/blogdoedvaldomagalhaes.com.br\/?p=51645"},"modified":"2020-02-06T15:10:49","modified_gmt":"2020-02-06T18:10:49","slug":"mais-17-familias-da-zona-rural-de-caruaru-recebem-imoveis-do-pnhr","status":"publish","type":"post","link":"https:\/\/blogdoedvaldomagalhaes.com.br\/index.php\/2020\/02\/06\/mais-17-familias-da-zona-rural-de-caruaru-recebem-imoveis-do-pnhr\/","title":{"rendered":"Mais 17 fam\u00edlias da zona rural de Caruaru recebem im\u00f3veis do PNHR"},"content":{"rendered":"<p><span style=\"font-size: inherit;\">A prefeita Raquel Lyra entregou mais 17 casas do Programa Nacional de Habita\u00e7\u00e3o Rural (PNHR), nesta quarta-feira (5). Desta vez, moradores do 2\u00ba, 3\u00ba e 4\u00ba receberam os im\u00f3veis, sendo eles das seguintes comunidades: Serrote dos Bois, Japecanga, Cacimba Cercada, Cachoeira Seca, Lagoa Ro\u00e7ada, Borba, Queimada de Uru\u00e7u e Zumba. At\u00e9 o momento, 185 resid\u00eancias foram entregues para os moradores do campo.<\/span><\/p>\n<p>Aconchego \u00e9 a palavra que define o sentimento da agricultora C\u00e9lia da Silva Lima. Ela morou trinta anos em uma casa sem \u00e1gua encanada. &#8220;L\u00e1 eu tinha que esquentar \u00e1gua para tomar banho. Agora \u00e9 mais confort\u00e1vel, estou muito feliz&#8221;.<\/p>\n<p>&#8220;Estamos em uma casa nova, bonita. Estou muito satisfeita. Foi um presente muito aben\u00e7oado. Gostei muito de sair de uma casa velha, de quase um s\u00e9culo, e vir para uma casa bonita dessa&#8221;, destacou a agricultora Josefa da Silva Nascimento.<\/p>\n<p>Ao final do programa, 416 casas ser\u00e3o constru\u00eddas. O PNHR foi criado pelo Governo Federal no \u00e2mbito do Programa Minha Casa Minha Vida, atrav\u00e9s da Lei 11.977\/2009, com a finalidade de possibilitar ao agricultor familiar, trabalhador rural e comunidades tradicionais o acesso \u00e0 moradia digna no campo, seja construindo uma nova casa, reformando, ampliando ou concluindo uma j\u00e1 existente.<\/p>\n\n\n<figure class=\"wp-block-image size-large\"><img loading=\"lazy\" decoding=\"async\" width=\"1024\" height=\"682\" src=\"http:\/\/blogdoedvaldomagalhaes.com.br\/wp-content\/uploads\/2020\/02\/IMG-20200206-WA0068-1024x682.jpg\" alt=\"\" class=\"wp-image-51646\" srcset=\"https:\/\/blogdoedvaldomagalhaes.com.br\/wp-content\/uploads\/2020\/02\/IMG-20200206-WA0068-1024x682.jpg 1024w, https:\/\/blogdoedvaldomagalhaes.com.br\/wp-content\/uploads\/2020\/02\/IMG-20200206-WA0068-300x200.jpg 300w, https:\/\/blogdoedvaldomagalhaes.com.br\/wp-content\/uploads\/2020\/02\/IMG-20200206-WA0068-768x512.jpg 768w, https:\/\/blogdoedvaldomagalhaes.com.br\/wp-content\/uploads\/2020\/02\/IMG-20200206-WA0068.jpg 1280w\" sizes=\"auto, (max-width: 1024px) 100vw, 1024px\" \/><\/figure>\n\n\n\n<figure class=\"wp-block-image size-large\"><img loading=\"lazy\" decoding=\"async\" width=\"799\" height=\"533\" src=\"http:\/\/blogdoedvaldomagalhaes.com.br\/wp-content\/uploads\/2020\/02\/IMG-20200206-WA0069.jpg\" alt=\"\" class=\"wp-image-51647\" srcset=\"https:\/\/blogdoedvaldomagalhaes.com.br\/wp-content\/uploads\/2020\/02\/IMG-20200206-WA0069.jpg 799w, https:\/\/blogdoedvaldomagalhaes.com.br\/wp-content\/uploads\/2020\/02\/IMG-20200206-WA0069-300x200.jpg 300w, https:\/\/blogdoedvaldomagalhaes.com.br\/wp-content\/uploads\/2020\/02\/IMG-20200206-WA0069-768x512.jpg 768w\" sizes=\"auto, (max-width: 799px) 100vw, 799px\" \/><figcaption>Fotos: Jana\u00edna Pepeu<\/figcaption><\/figure>\n","protected":false},"excerpt":{"rendered":"<p>A prefeita Raquel Lyra entregou mais 17 casas do Programa Nacional de Habita\u00e7\u00e3o Rural (PNHR), nesta quarta-feira (5). Desta vez,&hellip;<\/p>\n","protected":false},"author":1,"featured_media":51648,"comment_status":"open","ping_status":"open","sticky":false,"template":"","format":"standard","meta":{"footnotes":""},"categories":[14120],"tags":[2,16881,17258],"class_list":["post-51645","post","type-post","status-publish","format-standard","has-post-thumbnail","hentry","category-noticias","tag-blog-do-edvaldo-magalhaes","tag-caruaru-e-regiao","tag-mais-17-familias-da-zona-rural-de-caruaru-recebem-imoveis-do-pnhr"],"_links":{"self":[{"href":"https:\/\/blogdoedvaldomagalhaes.com.br\/index.php\/wp-json\/wp\/v2\/posts\/51645","targetHints":{"allow":["GET"]}}],"collection":[{"href":"https:\/\/blogdoedvaldomagalhaes.com.br\/index.php\/wp-json\/wp\/v2\/posts"}],"about":[{"href":"https:\/\/blogdoedvaldomagalhaes.com.br\/index.php\/wp-json\/wp\/v2\/types\/post"}],"author":[{"embeddable":true,"href":"https:\/\/blogdoedvaldomagalhaes.com.br\/index.php\/wp-json\/wp\/v2\/users\/1"}],"replies":[{"embeddable":true,"href":"https:\/\/blogdoedvaldomagalhaes.com.br\/index.php\/wp-json\/wp\/v2\/comments?post=51645"}],"version-history":[{"count":1,"href":"https:\/\/blogdoedvaldomagalhaes.com.br\/index.php\/wp-json\/wp\/v2\/posts\/51645\/revisions"}],"predecessor-version":[{"id":51649,"href":"https:\/\/blogdoedvaldomagalhaes.com.br\/index.php\/wp-json\/wp\/v2\/posts\/51645\/revisions\/51649"}],"wp:featuredmedia":[{"embeddable":true,"href":"https:\/\/blogdoedvaldomagalhaes.com.br\/index.php\/wp-json\/wp\/v2\/media\/51648"}],"wp:attachment":[{"href":"https:\/\/blogdoedvaldomagalhaes.com.br\/index.php\/wp-json\/wp\/v2\/media?parent=51645"}],"wp:term":[{"taxonomy":"category","embeddable":true,"href":"https:\/\/blogdoedvaldomagalhaes.com.br\/index.php\/wp-json\/wp\/v2\/categories?post=51645"},{"taxonomy":"post_tag","embeddable":true,"href":"https:\/\/blogdoedvaldomagalhaes.com.br\/index.php\/wp-json\/wp\/v2\/tags?post=51645"}],"curies":[{"name":"wp","href":"https:\/\/api.w.org\/{rel}","templated":true}]}}