{"id":51642,"date":"2020-02-06T13:57:12","date_gmt":"2020-02-06T16:57:12","guid":{"rendered":"http:\/\/blogdoedvaldomagalhaes.com.br\/?p=51642"},"modified":"2020-02-07T10:01:13","modified_gmt":"2020-02-07T13:01:13","slug":"copa-rural-de-futebol-amador-sera-realizada-nos-quatro-distritos-de-caruaru","status":"publish","type":"post","link":"https:\/\/blogdoedvaldomagalhaes.com.br\/index.php\/2020\/02\/06\/copa-rural-de-futebol-amador-sera-realizada-nos-quatro-distritos-de-caruaru\/","title":{"rendered":"Copa Rural de Futebol Amador ser\u00e1 realizada nos quatro distritos de Caruaru"},"content":{"rendered":"<p><span style=\"font-size: inherit;\">A Prefeitura de Caruaru, por meio da Secretaria de Desenvolvimento Social de Direitos Humano (SDSDH) promove, a partir do pr\u00f3ximo domingo (9), a Copa Rural de Futebol Amador. O certame faz parte das a\u00e7\u00f5es do projeto Caruaru em Movimento, com objetivo de estimular o conv\u00edvio social e coletivo, despertando os benef\u00edcios que a atividade f\u00edsica traz ao ser humano.<\/span><\/p>\n<p>As equipes jogar\u00e3o uma fase classificat\u00f3ria dentro dos seus respectivos distritos, n\u00e3o podendo conter atletas dos outros distritos. Sendo assim, passar\u00e3o para a pr\u00f3xima etapa o campe\u00e3o e vice-campe\u00e3o de cada distrito. Neste domingo, os jogos acontecem no Campo do Internacional (atual Campo do Am\u00e9rica &#8211; no Posto Agamenon), com atletas do 1\u00b0 Distrito.<\/p>\n<p>*Fase de Mata-Mata* &#8211; As equipes classificadas na primeira etapa ser\u00e3o distribu\u00eddas em dois potes, contendo no primeiro pote, as equipes campe\u00e3 de cada distrito e no 2\u00b0 pote as equipes vice- campe\u00e3, assim sorteando-as em fase de jogo de ida e volta at\u00e9 o seu t\u00e9rmino, conhecendo-se o grande campe\u00e3o.<\/p>\n<p>O campe\u00e3o e vice ter\u00e3o vaga garantida na 2\u00aa divis\u00e3o do Campeonato Caruaruense de Futebol Amador, organizado pela Liga Desportiva Caruaruense (LDC). A final est\u00e1 programa para o dia 26 de abril no Est\u00e1dio Ant\u00f4nio In\u00e1cio de Souza (Campo do Vera Cruz).<\/p>\n<p>As partidas t\u00eam in\u00edcio previsto para \u00e0s 8h. Todos os jogos ser\u00e3o em forma eliminat\u00f3ria, e, al\u00e9m das partidas, ser\u00e3o oferecidos jogos e brincadeiras paras as crian\u00e7as e o p\u00fablico em geral.<\/p>\n<p>As inscri\u00e7\u00f5es para os times do 2\u00ba, 3\u00ba e 4\u00ba distritos ser\u00e3o realizadas junto \u00e0 Ger\u00eancia de Esportes e Lazer, na sala 03 da Secretaria de Desenvolvimento Social e Direitos Humanos. N\u00e3o haver\u00e1 custo de inscri\u00e7\u00e3o e a prefeitura ir\u00e1 arcar com as despesas de arbitragem e premia\u00e7\u00e3o.<\/p>\n","protected":false},"excerpt":{"rendered":"<p>A Prefeitura de Caruaru, por meio da Secretaria de Desenvolvimento Social de Direitos Humano (SDSDH) promove, a partir do pr\u00f3ximo&hellip;<\/p>\n","protected":false},"author":1,"featured_media":51685,"comment_status":"open","ping_status":"open","sticky":false,"template":"","format":"standard","meta":{"footnotes":""},"categories":[14123],"tags":[2,16881,17257],"class_list":["post-51642","post","type-post","status-publish","format-standard","has-post-thumbnail","hentry","category-futebol","tag-blog-do-edvaldo-magalhaes","tag-caruaru-e-regiao","tag-copa-rural-de-futebol-amador-sera-realizada-nos-quatro-distritos-de-caruaru"],"_links":{"self":[{"href":"https:\/\/blogdoedvaldomagalhaes.com.br\/index.php\/wp-json\/wp\/v2\/posts\/51642","targetHints":{"allow":["GET"]}}],"collection":[{"href":"https:\/\/blogdoedvaldomagalhaes.com.br\/index.php\/wp-json\/wp\/v2\/posts"}],"about":[{"href":"https:\/\/blogdoedvaldomagalhaes.com.br\/index.php\/wp-json\/wp\/v2\/types\/post"}],"author":[{"embeddable":true,"href":"https:\/\/blogdoedvaldomagalhaes.com.br\/index.php\/wp-json\/wp\/v2\/users\/1"}],"replies":[{"embeddable":true,"href":"https:\/\/blogdoedvaldomagalhaes.com.br\/index.php\/wp-json\/wp\/v2\/comments?post=51642"}],"version-history":[{"count":2,"href":"https:\/\/blogdoedvaldomagalhaes.com.br\/index.php\/wp-json\/wp\/v2\/posts\/51642\/revisions"}],"predecessor-version":[{"id":51684,"href":"https:\/\/blogdoedvaldomagalhaes.com.br\/index.php\/wp-json\/wp\/v2\/posts\/51642\/revisions\/51684"}],"wp:featuredmedia":[{"embeddable":true,"href":"https:\/\/blogdoedvaldomagalhaes.com.br\/index.php\/wp-json\/wp\/v2\/media\/51685"}],"wp:attachment":[{"href":"https:\/\/blogdoedvaldomagalhaes.com.br\/index.php\/wp-json\/wp\/v2\/media?parent=51642"}],"wp:term":[{"taxonomy":"category","embeddable":true,"href":"https:\/\/blogdoedvaldomagalhaes.com.br\/index.php\/wp-json\/wp\/v2\/categories?post=51642"},{"taxonomy":"post_tag","embeddable":true,"href":"https:\/\/blogdoedvaldomagalhaes.com.br\/index.php\/wp-json\/wp\/v2\/tags?post=51642"}],"curies":[{"name":"wp","href":"https:\/\/api.w.org\/{rel}","templated":true}]}}