{"id":51636,"date":"2020-02-06T13:45:14","date_gmt":"2020-02-06T16:45:14","guid":{"rendered":"http:\/\/blogdoedvaldomagalhaes.com.br\/?p=51636"},"modified":"2020-02-06T13:45:18","modified_gmt":"2020-02-06T16:45:18","slug":"dom-jose-ruy-recebe-titulo-de-cidadao-pernambucano","status":"publish","type":"post","link":"https:\/\/blogdoedvaldomagalhaes.com.br\/index.php\/2020\/02\/06\/dom-jose-ruy-recebe-titulo-de-cidadao-pernambucano\/","title":{"rendered":"Dom Jos\u00e9 Ruy recebe t\u00edtulo de Cidad\u00e3o Pernambucano"},"content":{"rendered":"<p><span style=\"font-size: inherit;\">O bispo da Diocese de Caruaru, Dom Jos\u00e9 Ruy Gon\u00e7alves Lopes, nascido em Feira de Santana (BA), recebeu na noite de ontem (05), em solenidade realizada na Assembleia Legislativa de Pernambuco \u2013 ALEPE, o t\u00edtulo Honor\u00edfico de Cidad\u00e3o Pernambucano. A honraria foi concedida em 18 de dezembro de 2019, sendo a propositura de autoria do deputado Diogo Moraes (PSB).<\/span><\/p>\n<p>Na solenidade, Diogo Moraes destacou que \u201ca vinda de Dom Ruy para a nossa regi\u00e3o \u00e9 sem d\u00favidas uma grande oportunidade para renovarmos a nossa f\u00e9. Em sua primeira homilia, o Reverendo j\u00e1 demonstrou toda a sua humildade, preocupa\u00e7\u00e3o com os mais pobres e o comprometimento com uma Igreja que esteja cada vez mais pr\u00f3xima do povo, caracter\u00edsticas muito peculiares de quem tem uma forma\u00e7\u00e3o capuchinha desde muito jovem\u201d.<\/p>\n<p>Com a simplicidade que lhe \u00e9 peculiar, e a profundidade que atinge ao usar as palavras, o bispo Dom Jos\u00e9 Ruy destacou em seu discurso que Pernambuco convida o seu povo, que possui alma, a viver a imortalidade ao lado de Deus. \u201cA condecora\u00e7\u00e3o n\u00e3o significa a perfei\u00e7\u00e3o em quem a recebe, significa a generosidade em quem a d\u00e1. \u00c9 alian\u00e7a selada. Compromete as duas partes. Em ambas as partes o mesmo ideal, o mesmo fim almejado: fazer na cidade grande um povo ainda maior. N\u00e3o basta que Pernambuco seja imortal, \u00e9 preciso que o povo tenha paz constante e prosperidade completa, que descubra que tendo uma alma imortal, n\u00e3o podem se lan\u00e7ar no precip\u00edcio do pecado\u201d.<\/p>\n<p>Durante a ocasi\u00e3o, o Coral Vozes de Pernambuco, composto por funcion\u00e1rios da ALEPE, fez uma bel\u00edssima apresenta\u00e7\u00e3o. Al\u00e9m disso, Dom Jos\u00e9 Ruy foi presenteado com uma bandeira de Pernambuco e uma escultura de Frei Dami\u00e3o. Estiveram presentes autoridades, parte do clero da Diocese de Caruaru, religiosos e amigos para prestigiar o recebimento da honraria. Ap\u00f3s a formalidade, Dom Jos\u00e9 Ruy recebeu os cumprimentos de todos os presentes.<\/p>\n<p><br \/>HIST\u00d3RICO<\/p>\n<p>Dom Jos\u00e9 Ruy Gon\u00e7alves Lopes, foi frade da Ordem dos Menores Capuchinhos e sacerdote h\u00e1 25 anos, nasceu em Feira de Santana (BA) no dia 06 de agosto de 1967, quando ali mesmo, aos 17, ingressou no semin\u00e1rio da mesma Ordem de frei Dami\u00e3o, Padre Pio de Pietrecilna, S\u00e3o Felix e tantos outros.<\/p>\n<p>Graduou-se em teologia pela Universidade Cat\u00f3lica do Salvador (1988 a 1993) e concluiu p\u00f3s-gradua\u00e7\u00e3o em teologia moral pela Faculdade Assun\u00e7\u00e3o da Pontif\u00edcia Universidade Cat\u00f3lica de S\u00e3o Paulo (2007-2008). Aos 04 de julho de 2012, foi nomeado pelo Papa Bento XVI, Bispo Diocesano de Jequi\u00e9 e recebeu a ordena\u00e7\u00e3o episcopal aos 07 de setembro do mesmo ano, na Bas\u00edlica de Nossa Senhora da Concei\u00e7\u00e3o da Praia, tendo como sagrante principal o Bispo de Salgueiro, Dom Magnus Henrique Lopes. At\u00e9 o dia 10 de julho de 2019 foi Bispo da Diocese de Jequi\u00e9 (Bahia), e em 21 de setembro de 2019 foi empossado 5\u00ba bispo da Diocese de Caruaru.<\/p>\n\n\n<figure class=\"wp-block-image size-large\"><img loading=\"lazy\" decoding=\"async\" width=\"1024\" height=\"683\" src=\"http:\/\/blogdoedvaldomagalhaes.com.br\/wp-content\/uploads\/2020\/02\/IMG-20200206-WA0035-1024x683.jpg\" alt=\"\" class=\"wp-image-51638\" srcset=\"https:\/\/blogdoedvaldomagalhaes.com.br\/wp-content\/uploads\/2020\/02\/IMG-20200206-WA0035-1024x683.jpg 1024w, https:\/\/blogdoedvaldomagalhaes.com.br\/wp-content\/uploads\/2020\/02\/IMG-20200206-WA0035-300x200.jpg 300w, https:\/\/blogdoedvaldomagalhaes.com.br\/wp-content\/uploads\/2020\/02\/IMG-20200206-WA0035-768x512.jpg 768w, https:\/\/blogdoedvaldomagalhaes.com.br\/wp-content\/uploads\/2020\/02\/IMG-20200206-WA0035.jpg 1280w\" sizes=\"auto, (max-width: 1024px) 100vw, 1024px\" \/><\/figure>\n\n\n\n<figure class=\"wp-block-image size-large\"><img loading=\"lazy\" decoding=\"async\" width=\"1024\" height=\"684\" src=\"http:\/\/blogdoedvaldomagalhaes.com.br\/wp-content\/uploads\/2020\/02\/IMG-20200206-WA0036-1024x684.jpg\" alt=\"\" class=\"wp-image-51639\" srcset=\"https:\/\/blogdoedvaldomagalhaes.com.br\/wp-content\/uploads\/2020\/02\/IMG-20200206-WA0036-1024x684.jpg 1024w, https:\/\/blogdoedvaldomagalhaes.com.br\/wp-content\/uploads\/2020\/02\/IMG-20200206-WA0036-300x200.jpg 300w, https:\/\/blogdoedvaldomagalhaes.com.br\/wp-content\/uploads\/2020\/02\/IMG-20200206-WA0036-768x513.jpg 768w, https:\/\/blogdoedvaldomagalhaes.com.br\/wp-content\/uploads\/2020\/02\/IMG-20200206-WA0036.jpg 1280w\" sizes=\"auto, (max-width: 1024px) 100vw, 1024px\" \/><\/figure>\n\n\n\n<figure class=\"wp-block-image size-large\"><img loading=\"lazy\" decoding=\"async\" width=\"1024\" height=\"742\" src=\"http:\/\/blogdoedvaldomagalhaes.com.br\/wp-content\/uploads\/2020\/02\/IMG-20200206-WA0037-1024x742.jpg\" alt=\"\" class=\"wp-image-51640\" srcset=\"https:\/\/blogdoedvaldomagalhaes.com.br\/wp-content\/uploads\/2020\/02\/IMG-20200206-WA0037-1024x742.jpg 1024w, https:\/\/blogdoedvaldomagalhaes.com.br\/wp-content\/uploads\/2020\/02\/IMG-20200206-WA0037-300x217.jpg 300w, https:\/\/blogdoedvaldomagalhaes.com.br\/wp-content\/uploads\/2020\/02\/IMG-20200206-WA0037-768x556.jpg 768w, https:\/\/blogdoedvaldomagalhaes.com.br\/wp-content\/uploads\/2020\/02\/IMG-20200206-WA0037.jpg 1280w\" sizes=\"auto, (max-width: 1024px) 100vw, 1024px\" \/><\/figure>\n","protected":false},"excerpt":{"rendered":"<p>O bispo da Diocese de Caruaru, Dom Jos\u00e9 Ruy Gon\u00e7alves Lopes, nascido em Feira de Santana (BA), recebeu na noite&hellip;<\/p>\n","protected":false},"author":1,"featured_media":51637,"comment_status":"open","ping_status":"open","sticky":false,"template":"","format":"standard","meta":{"footnotes":""},"categories":[14122],"tags":[2,16881,17256],"class_list":["post-51636","post","type-post","status-publish","format-standard","has-post-thumbnail","hentry","category-politica","tag-blog-do-edvaldo-magalhaes","tag-caruaru-e-regiao","tag-dom-jose-ruy-recebe-titulo-de-cidadao-pernambucano"],"_links":{"self":[{"href":"https:\/\/blogdoedvaldomagalhaes.com.br\/index.php\/wp-json\/wp\/v2\/posts\/51636","targetHints":{"allow":["GET"]}}],"collection":[{"href":"https:\/\/blogdoedvaldomagalhaes.com.br\/index.php\/wp-json\/wp\/v2\/posts"}],"about":[{"href":"https:\/\/blogdoedvaldomagalhaes.com.br\/index.php\/wp-json\/wp\/v2\/types\/post"}],"author":[{"embeddable":true,"href":"https:\/\/blogdoedvaldomagalhaes.com.br\/index.php\/wp-json\/wp\/v2\/users\/1"}],"replies":[{"embeddable":true,"href":"https:\/\/blogdoedvaldomagalhaes.com.br\/index.php\/wp-json\/wp\/v2\/comments?post=51636"}],"version-history":[{"count":1,"href":"https:\/\/blogdoedvaldomagalhaes.com.br\/index.php\/wp-json\/wp\/v2\/posts\/51636\/revisions"}],"predecessor-version":[{"id":51641,"href":"https:\/\/blogdoedvaldomagalhaes.com.br\/index.php\/wp-json\/wp\/v2\/posts\/51636\/revisions\/51641"}],"wp:featuredmedia":[{"embeddable":true,"href":"https:\/\/blogdoedvaldomagalhaes.com.br\/index.php\/wp-json\/wp\/v2\/media\/51637"}],"wp:attachment":[{"href":"https:\/\/blogdoedvaldomagalhaes.com.br\/index.php\/wp-json\/wp\/v2\/media?parent=51636"}],"wp:term":[{"taxonomy":"category","embeddable":true,"href":"https:\/\/blogdoedvaldomagalhaes.com.br\/index.php\/wp-json\/wp\/v2\/categories?post=51636"},{"taxonomy":"post_tag","embeddable":true,"href":"https:\/\/blogdoedvaldomagalhaes.com.br\/index.php\/wp-json\/wp\/v2\/tags?post=51636"}],"curies":[{"name":"wp","href":"https:\/\/api.w.org\/{rel}","templated":true}]}}