{"id":51632,"date":"2020-02-06T13:27:00","date_gmt":"2020-02-06T16:27:00","guid":{"rendered":"http:\/\/blogdoedvaldomagalhaes.com.br\/?p=51632"},"modified":"2020-02-06T13:27:03","modified_gmt":"2020-02-06T16:27:03","slug":"clube-intermunicipal-de-caruaru-resgata-tradicional-previa-carnavalesca-neste-sabado-8","status":"publish","type":"post","link":"https:\/\/blogdoedvaldomagalhaes.com.br\/index.php\/2020\/02\/06\/clube-intermunicipal-de-caruaru-resgata-tradicional-previa-carnavalesca-neste-sabado-8\/","title":{"rendered":"Clube Intermunicipal de Caruaru resgata tradicional pr\u00e9via carnavalesca neste s\u00e1bado (8)"},"content":{"rendered":"<p><span style=\"font-size: inherit;\">Os bailes carnavalescos do Clube Intermunicipal de Caruaru s\u00e3o uma das marcas do clube que re\u00fane a sociedade caruaruense h\u00e1 quase 80 anos. Este ano, a tradi\u00e7\u00e3o ser\u00e1 retomada no dia 8 de fevereiro com o evento InterCarnaval, que tem in\u00edcio \u00e0s 13h. A folia \u00e9 aberta para s\u00f3cios e convidados e ser\u00e1 animada pela Orquestra F\u00eanix, pelo DJ Guilherme Borgeez e pelos cantores Douglas Leon e Klever Lemos.<\/span><\/p>\n<p>De acordo com o presidente do clube, Andr\u00e9 Nogueira, o baile d\u00e1 in\u00edcio \u00e0s comemora\u00e7\u00f5es do anivers\u00e1rio do Intermunicipal. \u201cEstamos a alguns passos dos 80 anos do Clube Intermunicipal, que ser\u00e3o comemorados no m\u00eas de abril. A pr\u00e9via carnavalesca faz parte da nossa hist\u00f3ria. Trazer de volta esse evento t\u00e3o bonito \u00e9 a melhor forma de come\u00e7ar a celebrar esse passo da nossa trajet\u00f3ria\u201d, afirmou.<\/p>\n<p>Para participar da festa \u00e9 preciso adquirir as entradas, que custam R$ 60 para s\u00f3cios e R$ 70 para convidados, ou fazer reserva de mesas, que custam R$ 200 para s\u00f3cios e R$ 250 para convidados. As senhas podem ser compradas no setor de administra\u00e7\u00e3o do clube ou por meio do telefone (81) 98876-0273.<\/p>\n\n\n<figure class=\"wp-block-image size-large\"><img loading=\"lazy\" decoding=\"async\" width=\"1024\" height=\"733\" src=\"http:\/\/blogdoedvaldomagalhaes.com.br\/wp-content\/uploads\/2020\/02\/IMG-20200204-WA0068.jpg\" alt=\"\" class=\"wp-image-51634\" srcset=\"https:\/\/blogdoedvaldomagalhaes.com.br\/wp-content\/uploads\/2020\/02\/IMG-20200204-WA0068.jpg 1024w, https:\/\/blogdoedvaldomagalhaes.com.br\/wp-content\/uploads\/2020\/02\/IMG-20200204-WA0068-300x215.jpg 300w, https:\/\/blogdoedvaldomagalhaes.com.br\/wp-content\/uploads\/2020\/02\/IMG-20200204-WA0068-768x550.jpg 768w\" sizes=\"auto, (max-width: 1024px) 100vw, 1024px\" \/><\/figure>\n","protected":false},"excerpt":{"rendered":"<p>Os bailes carnavalescos do Clube Intermunicipal de Caruaru s\u00e3o uma das marcas do clube que re\u00fane a sociedade caruaruense h\u00e1&hellip;<\/p>\n","protected":false},"author":1,"featured_media":51633,"comment_status":"open","ping_status":"open","sticky":false,"template":"","format":"standard","meta":{"footnotes":""},"categories":[14120],"tags":[2,16881,17255],"class_list":["post-51632","post","type-post","status-publish","format-standard","has-post-thumbnail","hentry","category-noticias","tag-blog-do-edvaldo-magalhaes","tag-caruaru-e-regiao","tag-clube-intermunicipal-de-caruaru-resgata-tradicional-previa-carnavalesca-neste-sabado-8"],"_links":{"self":[{"href":"https:\/\/blogdoedvaldomagalhaes.com.br\/index.php\/wp-json\/wp\/v2\/posts\/51632","targetHints":{"allow":["GET"]}}],"collection":[{"href":"https:\/\/blogdoedvaldomagalhaes.com.br\/index.php\/wp-json\/wp\/v2\/posts"}],"about":[{"href":"https:\/\/blogdoedvaldomagalhaes.com.br\/index.php\/wp-json\/wp\/v2\/types\/post"}],"author":[{"embeddable":true,"href":"https:\/\/blogdoedvaldomagalhaes.com.br\/index.php\/wp-json\/wp\/v2\/users\/1"}],"replies":[{"embeddable":true,"href":"https:\/\/blogdoedvaldomagalhaes.com.br\/index.php\/wp-json\/wp\/v2\/comments?post=51632"}],"version-history":[{"count":1,"href":"https:\/\/blogdoedvaldomagalhaes.com.br\/index.php\/wp-json\/wp\/v2\/posts\/51632\/revisions"}],"predecessor-version":[{"id":51635,"href":"https:\/\/blogdoedvaldomagalhaes.com.br\/index.php\/wp-json\/wp\/v2\/posts\/51632\/revisions\/51635"}],"wp:featuredmedia":[{"embeddable":true,"href":"https:\/\/blogdoedvaldomagalhaes.com.br\/index.php\/wp-json\/wp\/v2\/media\/51633"}],"wp:attachment":[{"href":"https:\/\/blogdoedvaldomagalhaes.com.br\/index.php\/wp-json\/wp\/v2\/media?parent=51632"}],"wp:term":[{"taxonomy":"category","embeddable":true,"href":"https:\/\/blogdoedvaldomagalhaes.com.br\/index.php\/wp-json\/wp\/v2\/categories?post=51632"},{"taxonomy":"post_tag","embeddable":true,"href":"https:\/\/blogdoedvaldomagalhaes.com.br\/index.php\/wp-json\/wp\/v2\/tags?post=51632"}],"curies":[{"name":"wp","href":"https:\/\/api.w.org\/{rel}","templated":true}]}}