{"id":51628,"date":"2020-02-05T21:59:31","date_gmt":"2020-02-06T00:59:31","guid":{"rendered":"http:\/\/blogdoedvaldomagalhaes.com.br\/?p=51628"},"modified":"2020-02-05T22:15:58","modified_gmt":"2020-02-06T01:15:58","slug":"tony-gel-pede-reuniao-solene-para-homenagear-os-50-anos-de-vida-publica-de-jarbas-vasconcelos","status":"publish","type":"post","link":"https:\/\/blogdoedvaldomagalhaes.com.br\/index.php\/2020\/02\/05\/tony-gel-pede-reuniao-solene-para-homenagear-os-50-anos-de-vida-publica-de-jarbas-vasconcelos\/","title":{"rendered":"Tony Gel pede Reuni\u00e3o Solene para homenagear os 50 anos de vida p\u00fablica de Jarbas Vasconcelos"},"content":{"rendered":"<p style=\"text-align: justify;\">O Deputado Estadual Tony Gel (MDB), solicitou nesta quarta-feira 05, \u00e0 Mesa Diretora da Assembleia Legislativa, que seja realizada uma Reuni\u00e3o Solene em homenagem aos 50 anos de atua\u00e7\u00e3o pol\u00edtica do Senador Jarbas Vasconcelos (MDB\/PE), que dever\u00e1 ocorrer no dia 23 de mar\u00e7o de 2020.<\/p>\n<p style=\"text-align: justify;\">Tony Gel ressaltou que a presente propositura visa homenagear a passagem dos 50 anos de atua\u00e7\u00e3o pol\u00edtica de um dos maiores l\u00edderes da pol\u00edtica pernambucana e respeitado por todos no cen\u00e1rio nacional.<\/p>\n<p style=\"text-align: justify;\">O parlamentar lembrou que eleito para o seu primeiro mandato em 1970, o senador Jarbas Vasconcelos estar\u00e1, em mar\u00e7o, completando 50 anos ininterruptos de atua\u00e7\u00e3o pol\u00edtica, destacando que tamb\u00e9m que Jarbas foi servidor p\u00fablico de carreira atuando como Procurador da Assembleia Legislativa de Pernambuco, e atuando na vida pol\u00edtica desde muito jovem, Jarbas foi um dos fundadores do MDB, pelo qual se elegeu para diversos mandatos, tendo sido governador de Pernambuco por duas vezes, e prefeito do Recife tamb\u00e9m por duas vezes, deputado federal por tr\u00eas mandatos e deputado estadual por um mandato.<\/p>\n<p style=\"text-align: justify;\">Tony registrou que eleito senador em 2018 com 1.430.802 votos, Jarbas continua atuando de forma propositiva e firme, tendo como suas principais caracter\u00edsticas a seriedade e a transpar\u00eancia.<\/p>\n<p style=\"text-align: justify;\">&#8220;Por sua Conduta e posi\u00e7\u00e3o pol\u00edtica, \u00e9 um dos nomes mais respeitados da pol\u00edtica no Brasil e um orgulho para Pernambuco. E, nada mais justo, portanto, do que a Assembleia Legislativa de Pernambuco prestar esta justa homenagem, realizando uma Reuni\u00e3o Solene para comemorar os 50 anos do grande Jarbas Vasconcelos &#8221; disse Tony Gel.<\/p>\n","protected":false},"excerpt":{"rendered":"<p>O Deputado Estadual Tony Gel (MDB), solicitou nesta quarta-feira 05, \u00e0 Mesa Diretora da Assembleia Legislativa, que seja realizada uma&hellip;<\/p>\n","protected":false},"author":1,"featured_media":51629,"comment_status":"open","ping_status":"open","sticky":false,"template":"","format":"standard","meta":{"footnotes":""},"categories":[14122],"tags":[2,16881,17254],"class_list":["post-51628","post","type-post","status-publish","format-standard","has-post-thumbnail","hentry","category-politica","tag-blog-do-edvaldo-magalhaes","tag-caruaru-e-regiao","tag-tony-gel-pede-reuniao-solene-para-homenagear-os-50-anos-de-vida-publica-de-jarbas-vasconcelos"],"_links":{"self":[{"href":"https:\/\/blogdoedvaldomagalhaes.com.br\/index.php\/wp-json\/wp\/v2\/posts\/51628","targetHints":{"allow":["GET"]}}],"collection":[{"href":"https:\/\/blogdoedvaldomagalhaes.com.br\/index.php\/wp-json\/wp\/v2\/posts"}],"about":[{"href":"https:\/\/blogdoedvaldomagalhaes.com.br\/index.php\/wp-json\/wp\/v2\/types\/post"}],"author":[{"embeddable":true,"href":"https:\/\/blogdoedvaldomagalhaes.com.br\/index.php\/wp-json\/wp\/v2\/users\/1"}],"replies":[{"embeddable":true,"href":"https:\/\/blogdoedvaldomagalhaes.com.br\/index.php\/wp-json\/wp\/v2\/comments?post=51628"}],"version-history":[{"count":2,"href":"https:\/\/blogdoedvaldomagalhaes.com.br\/index.php\/wp-json\/wp\/v2\/posts\/51628\/revisions"}],"predecessor-version":[{"id":51631,"href":"https:\/\/blogdoedvaldomagalhaes.com.br\/index.php\/wp-json\/wp\/v2\/posts\/51628\/revisions\/51631"}],"wp:featuredmedia":[{"embeddable":true,"href":"https:\/\/blogdoedvaldomagalhaes.com.br\/index.php\/wp-json\/wp\/v2\/media\/51629"}],"wp:attachment":[{"href":"https:\/\/blogdoedvaldomagalhaes.com.br\/index.php\/wp-json\/wp\/v2\/media?parent=51628"}],"wp:term":[{"taxonomy":"category","embeddable":true,"href":"https:\/\/blogdoedvaldomagalhaes.com.br\/index.php\/wp-json\/wp\/v2\/categories?post=51628"},{"taxonomy":"post_tag","embeddable":true,"href":"https:\/\/blogdoedvaldomagalhaes.com.br\/index.php\/wp-json\/wp\/v2\/tags?post=51628"}],"curies":[{"name":"wp","href":"https:\/\/api.w.org\/{rel}","templated":true}]}}