{"id":51622,"date":"2020-02-05T21:32:01","date_gmt":"2020-02-06T00:32:01","guid":{"rendered":"http:\/\/blogdoedvaldomagalhaes.com.br\/?p=51622"},"modified":"2020-02-05T21:34:47","modified_gmt":"2020-02-06T00:34:47","slug":"segunda-edicao-do-acolher-treinamento-com-foco-no-atendimento-humanizado-na-saude-nesta-quinta-feira-6","status":"publish","type":"post","link":"https:\/\/blogdoedvaldomagalhaes.com.br\/index.php\/2020\/02\/05\/segunda-edicao-do-acolher-treinamento-com-foco-no-atendimento-humanizado-na-saude-nesta-quinta-feira-6\/","title":{"rendered":"Segunda edi\u00e7\u00e3o do acolher, treinamento com foco no atendimento humanizado na sa\u00fade nesta quinta-feira (6)"},"content":{"rendered":"<p>Com o objetivo de promover desenvolvimento profissional e pessoal para profissionais da sa\u00fade, dos setores p\u00fablico e privado, o treinamento oferece um formato inovador, com um combinado de fases online, contendo v\u00eddeo-aulas interativas e mentorias, mais o evento presencial, que acontece nesta quinta-feira (06), no Hotel Fazenda Portal de Gravat\u00e1.<\/p>\n<p>Al\u00e9m de adquirirem qualifica\u00e7\u00e3o t\u00e9cnica, os participantes ser\u00e3o acompanhados por uma equipe de coaches, que utilizar\u00e1 de ferramentas de reprograma\u00e7\u00e3o de cren\u00e7as e intelig\u00eancia emocional, com o intuito de promover a constru\u00e7\u00e3o de satisfa\u00e7\u00e3o pessoal e proporcionar mais qualidade de vida no trabalho. A proposta \u00e9 despertar as pessoas para a import\u00e2ncia do acolhimento humanizado nos atendimentos de sa\u00fade, com equil\u00edbrio, empatia e benevol\u00eancia, apesar das condi\u00e7\u00f5es adversas.<\/p>\n<p>Na primeira edi\u00e7\u00e3o, participaram mais de 200 profissionais de v\u00e1rios munic\u00edpios das Regi\u00f5es da Mata Norte e Sul de Pernambuco.<\/p>\n<p>A segunda edi\u00e7\u00e3o contar\u00e1 com palestras do Mastercoach Anthenor Bittencourt, do m\u00e9dico, microbiologista, psicanalista, psicopedagogo, fil\u00f3sofo e palha\u00e7o, Bruno Severo e do m\u00e9dico ginecologista e obstetra, Dr. Glaucius Nascimento, conhecido como &#8216;o anjo da guarda de m\u00e3es e beb\u00eas&#8217;, t\u00edtulo que ganhou for\u00e7a depois de ter salvo m\u00e3e e filha, que sobreviveram a um parto considerado extremamente dif\u00edcil, h\u00e1 aproximadamente dois anos. O caso teve repercuss\u00e3o nacional e tornou o m\u00e9dico conhecido em todo o pa\u00eds. Tamb\u00e9m participa do evento a especialista em Sa\u00fade P\u00fablica, Gest\u00e3o e Planejamento em Sa\u00fade Coletiva, Professora Natale Souza, al\u00e9m da Coach, Analista Profiler, expert em Gest\u00e3o P\u00fablica e idealizadora do Acolher, Adriana Alves.<\/p>\n<p><strong>SERVI\u00c7O<\/strong><\/p>\n<p><strong>ACOLHER \u2013 ATENDIMENTO HUMANIZADO NA SA\u00daDE<\/strong><\/p>\n<p>Dia 06 de fevereiro, \u00e0s 08h, no Hotel Fazenda Portal de Gravat\u00e1.<br \/>\nTreinamento<br \/>\n<em>@acolher_humanizacao<\/em><br \/>\n<a href=\"http:\/\/acolher.plenitudecoaching.com.br\/\" target=\"_blank\" rel=\"noopener noreferrer\"><strong>acolher.plenitudecoaching.com.br<\/strong><\/a><br \/>\nFone:<strong>\u00a0(81) 9 9679-0158<\/strong><\/p>\n","protected":false},"excerpt":{"rendered":"<p>Com o objetivo de promover desenvolvimento profissional e pessoal para profissionais da sa\u00fade, dos setores p\u00fablico e privado, o treinamento&hellip;<\/p>\n","protected":false},"author":1,"featured_media":51623,"comment_status":"open","ping_status":"open","sticky":false,"template":"","format":"standard","meta":{"footnotes":""},"categories":[14120],"tags":[2,16881,17251,17252],"class_list":["post-51622","post","type-post","status-publish","format-standard","has-post-thumbnail","hentry","category-noticias","tag-blog-do-edvaldo-magalhaes","tag-caruaru-e-regiao","tag-segunda-edicao-do-acolher","tag-treinamento-com-foco-no-atendimento-humanizado-na-saude-nesta-quinta-feira-6"],"_links":{"self":[{"href":"https:\/\/blogdoedvaldomagalhaes.com.br\/index.php\/wp-json\/wp\/v2\/posts\/51622","targetHints":{"allow":["GET"]}}],"collection":[{"href":"https:\/\/blogdoedvaldomagalhaes.com.br\/index.php\/wp-json\/wp\/v2\/posts"}],"about":[{"href":"https:\/\/blogdoedvaldomagalhaes.com.br\/index.php\/wp-json\/wp\/v2\/types\/post"}],"author":[{"embeddable":true,"href":"https:\/\/blogdoedvaldomagalhaes.com.br\/index.php\/wp-json\/wp\/v2\/users\/1"}],"replies":[{"embeddable":true,"href":"https:\/\/blogdoedvaldomagalhaes.com.br\/index.php\/wp-json\/wp\/v2\/comments?post=51622"}],"version-history":[{"count":1,"href":"https:\/\/blogdoedvaldomagalhaes.com.br\/index.php\/wp-json\/wp\/v2\/posts\/51622\/revisions"}],"predecessor-version":[{"id":51625,"href":"https:\/\/blogdoedvaldomagalhaes.com.br\/index.php\/wp-json\/wp\/v2\/posts\/51622\/revisions\/51625"}],"wp:featuredmedia":[{"embeddable":true,"href":"https:\/\/blogdoedvaldomagalhaes.com.br\/index.php\/wp-json\/wp\/v2\/media\/51623"}],"wp:attachment":[{"href":"https:\/\/blogdoedvaldomagalhaes.com.br\/index.php\/wp-json\/wp\/v2\/media?parent=51622"}],"wp:term":[{"taxonomy":"category","embeddable":true,"href":"https:\/\/blogdoedvaldomagalhaes.com.br\/index.php\/wp-json\/wp\/v2\/categories?post=51622"},{"taxonomy":"post_tag","embeddable":true,"href":"https:\/\/blogdoedvaldomagalhaes.com.br\/index.php\/wp-json\/wp\/v2\/tags?post=51622"}],"curies":[{"name":"wp","href":"https:\/\/api.w.org\/{rel}","templated":true}]}}