{"id":51617,"date":"2020-02-05T21:11:59","date_gmt":"2020-02-06T00:11:59","guid":{"rendered":"http:\/\/blogdoedvaldomagalhaes.com.br\/?p=51617"},"modified":"2020-02-05T21:12:04","modified_gmt":"2020-02-06T00:12:04","slug":"raffie-protocola-oficio-em-braille-solicitando-sugestoes-a-acace-sobre-politicas-publicas","status":"publish","type":"post","link":"https:\/\/blogdoedvaldomagalhaes.com.br\/index.php\/2020\/02\/05\/raffie-protocola-oficio-em-braille-solicitando-sugestoes-a-acace-sobre-politicas-publicas\/","title":{"rendered":"Raffi\u00ea protocola of\u00edcio em Braille solicitando sugest\u00f5es a ACACE sobre Pol\u00edticas P\u00fablicas"},"content":{"rendered":"<p><span style=\"font-size: inherit;\">O presidente do PSD (Partido Social Democr\u00e1tico) em Caruaru, Raffi\u00ea Dellon, protocolou na tarde desta quarta-feira (5), o primeiro of\u00edcio dentro da proposta do partido que \u00e9 receber sugest\u00f5es das entidades e associa\u00e7\u00f5es de Caruaru, na tem\u00e1tica espec\u00edfica, para serem somadas ao Plano de Governo da legenda.<\/span><\/p>\n<p>A primeira entidade escolhida foi a ACACE (Associa\u00e7\u00e3o Caruaruense de Cegos), que fica localizada no bairro Jardim Boa Vista. Raffi\u00ea foi recebido pela equipe e protocolou junto a Lucy Tertulina, vice-presidente da entidade. \u201cFizemos quest\u00e3o que a nossa solicita\u00e7\u00e3o fosse feita em Braille, quem escuta mais, erra menos. J\u00e1 conhe\u00e7o o trabalho da entidade h\u00e1 um bom tempo, sei da batalha que \u00e9 eles manterem a institui\u00e7\u00e3o funcionando e nada mais leg\u00edtimo do que come\u00e7ar a constru\u00e7\u00e3o pelas entidades, por um local t\u00e3o importante para Caruaru e Regi\u00e3o\u201d, comentou Raffi\u00ea.<\/p>\n<p>A pr\u00f3xima entidade escolhida \u00e9 a ACIC (Associa\u00e7\u00e3o Comercial e Empresarial de Caruaru).<\/p>\n","protected":false},"excerpt":{"rendered":"<p>O presidente do PSD (Partido Social Democr\u00e1tico) em Caruaru, Raffi\u00ea Dellon, protocolou na tarde desta quarta-feira (5), o primeiro of\u00edcio&hellip;<\/p>\n","protected":false},"author":1,"featured_media":51618,"comment_status":"open","ping_status":"open","sticky":false,"template":"","format":"standard","meta":{"footnotes":""},"categories":[14122],"tags":[2,16881,17250],"class_list":["post-51617","post","type-post","status-publish","format-standard","has-post-thumbnail","hentry","category-politica","tag-blog-do-edvaldo-magalhaes","tag-caruaru-e-regiao","tag-raffie-protocola-oficio-em-braille-solicitando-sugestoes-a-acace-sobre-politicas-publicas"],"_links":{"self":[{"href":"https:\/\/blogdoedvaldomagalhaes.com.br\/index.php\/wp-json\/wp\/v2\/posts\/51617","targetHints":{"allow":["GET"]}}],"collection":[{"href":"https:\/\/blogdoedvaldomagalhaes.com.br\/index.php\/wp-json\/wp\/v2\/posts"}],"about":[{"href":"https:\/\/blogdoedvaldomagalhaes.com.br\/index.php\/wp-json\/wp\/v2\/types\/post"}],"author":[{"embeddable":true,"href":"https:\/\/blogdoedvaldomagalhaes.com.br\/index.php\/wp-json\/wp\/v2\/users\/1"}],"replies":[{"embeddable":true,"href":"https:\/\/blogdoedvaldomagalhaes.com.br\/index.php\/wp-json\/wp\/v2\/comments?post=51617"}],"version-history":[{"count":1,"href":"https:\/\/blogdoedvaldomagalhaes.com.br\/index.php\/wp-json\/wp\/v2\/posts\/51617\/revisions"}],"predecessor-version":[{"id":51619,"href":"https:\/\/blogdoedvaldomagalhaes.com.br\/index.php\/wp-json\/wp\/v2\/posts\/51617\/revisions\/51619"}],"wp:featuredmedia":[{"embeddable":true,"href":"https:\/\/blogdoedvaldomagalhaes.com.br\/index.php\/wp-json\/wp\/v2\/media\/51618"}],"wp:attachment":[{"href":"https:\/\/blogdoedvaldomagalhaes.com.br\/index.php\/wp-json\/wp\/v2\/media?parent=51617"}],"wp:term":[{"taxonomy":"category","embeddable":true,"href":"https:\/\/blogdoedvaldomagalhaes.com.br\/index.php\/wp-json\/wp\/v2\/categories?post=51617"},{"taxonomy":"post_tag","embeddable":true,"href":"https:\/\/blogdoedvaldomagalhaes.com.br\/index.php\/wp-json\/wp\/v2\/tags?post=51617"}],"curies":[{"name":"wp","href":"https:\/\/api.w.org\/{rel}","templated":true}]}}