{"id":51591,"date":"2020-02-05T18:31:00","date_gmt":"2020-02-05T21:31:00","guid":{"rendered":"http:\/\/blogdoedvaldomagalhaes.com.br\/?p=51591"},"modified":"2020-02-05T20:17:59","modified_gmt":"2020-02-05T23:17:59","slug":"homem-e-morto-a-tiros-e-outros-dois-ficam-baleado-na-zona-rural-de-caruaru","status":"publish","type":"post","link":"https:\/\/blogdoedvaldomagalhaes.com.br\/index.php\/2020\/02\/05\/homem-e-morto-a-tiros-e-outros-dois-ficam-baleado-na-zona-rural-de-caruaru\/","title":{"rendered":"Homem \u00e9 morto a tiros e outros dois ficam baleado na zona rural de Caruaru"},"content":{"rendered":"<p>A fato ocorreu na tarde desta quarta-feira (05), no s\u00edtio Riach\u00e3o, na zona rural de Caruaru. Segundo informa\u00e7\u00f5es, q<span style=\"font-size: inherit;\">uatro homens estavam dentro de casa, quando indiv\u00edduos chegaram em um ve\u00edculo ainda n\u00e3o identificado, invadiram e efetuaram v\u00e1rios disparando de arma de fogo. Morreu no local Rafael Jos\u00e9, 34 anos de idade, e outros dois homens conhecidos como Paulo e Erivaldo, feridos foram socorridos por populares.<\/span><\/p>\n<p>Continue acessando o Blog, estamos atualizando as informa\u00e7\u00f5es.<\/p>\n\n\n<figure class=\"wp-block-image size-large\"><img loading=\"lazy\" decoding=\"async\" width=\"1024\" height=\"576\" src=\"http:\/\/blogdoedvaldomagalhaes.com.br\/wp-content\/uploads\/2020\/02\/IMG-20200205-WA0103-1024x576.jpg\" alt=\"\" class=\"wp-image-51593\" srcset=\"https:\/\/blogdoedvaldomagalhaes.com.br\/wp-content\/uploads\/2020\/02\/IMG-20200205-WA0103-1024x576.jpg 1024w, https:\/\/blogdoedvaldomagalhaes.com.br\/wp-content\/uploads\/2020\/02\/IMG-20200205-WA0103-300x169.jpg 300w, https:\/\/blogdoedvaldomagalhaes.com.br\/wp-content\/uploads\/2020\/02\/IMG-20200205-WA0103-768x432.jpg 768w, https:\/\/blogdoedvaldomagalhaes.com.br\/wp-content\/uploads\/2020\/02\/IMG-20200205-WA0103-720x405.jpg 720w, https:\/\/blogdoedvaldomagalhaes.com.br\/wp-content\/uploads\/2020\/02\/IMG-20200205-WA0103.jpg 1032w\" sizes=\"auto, (max-width: 1024px) 100vw, 1024px\" \/><\/figure>\n\n\n\n<figure class=\"wp-block-image size-large\"><img loading=\"lazy\" decoding=\"async\" width=\"532\" height=\"729\" src=\"http:\/\/blogdoedvaldomagalhaes.com.br\/wp-content\/uploads\/2020\/02\/IMG-20200205-WA0136.jpg\" alt=\"\" class=\"wp-image-51608\" srcset=\"https:\/\/blogdoedvaldomagalhaes.com.br\/wp-content\/uploads\/2020\/02\/IMG-20200205-WA0136.jpg 532w, https:\/\/blogdoedvaldomagalhaes.com.br\/wp-content\/uploads\/2020\/02\/IMG-20200205-WA0136-219x300.jpg 219w\" sizes=\"auto, (max-width: 532px) 100vw, 532px\" \/><figcaption>Rafael Jos\u00e9<\/figcaption><\/figure>\n\n\n\n<figure class=\"wp-block-image size-large\"><img loading=\"lazy\" decoding=\"async\" width=\"720\" height=\"720\" src=\"http:\/\/blogdoedvaldomagalhaes.com.br\/wp-content\/uploads\/2020\/02\/IMG-20200205-WA0086.jpg\" alt=\"\" class=\"wp-image-51610\" srcset=\"https:\/\/blogdoedvaldomagalhaes.com.br\/wp-content\/uploads\/2020\/02\/IMG-20200205-WA0086.jpg 720w, https:\/\/blogdoedvaldomagalhaes.com.br\/wp-content\/uploads\/2020\/02\/IMG-20200205-WA0086-300x300.jpg 300w, https:\/\/blogdoedvaldomagalhaes.com.br\/wp-content\/uploads\/2020\/02\/IMG-20200205-WA0086-150x150.jpg 150w\" sizes=\"auto, (max-width: 720px) 100vw, 720px\" \/><figcaption>Erivaldo<\/figcaption><\/figure>\n\n\n\n<figure class=\"wp-block-image size-large\"><img loading=\"lazy\" decoding=\"async\" width=\"227\" height=\"449\" src=\"http:\/\/blogdoedvaldomagalhaes.com.br\/wp-content\/uploads\/2020\/02\/IMG-20200205-WA01282.jpg\" alt=\"\" class=\"wp-image-51612\" srcset=\"https:\/\/blogdoedvaldomagalhaes.com.br\/wp-content\/uploads\/2020\/02\/IMG-20200205-WA01282.jpg 227w, https:\/\/blogdoedvaldomagalhaes.com.br\/wp-content\/uploads\/2020\/02\/IMG-20200205-WA01282-152x300.jpg 152w\" sizes=\"auto, (max-width: 227px) 100vw, 227px\" \/><figcaption>Paulo<\/figcaption><\/figure>\n","protected":false},"excerpt":{"rendered":"<p>A fato ocorreu na tarde desta quarta-feira (05), no s\u00edtio Riach\u00e3o, na zona rural de Caruaru. Segundo informa\u00e7\u00f5es, quatro homens&hellip;<\/p>\n","protected":false},"author":1,"featured_media":51592,"comment_status":"open","ping_status":"open","sticky":false,"template":"","format":"standard","meta":{"footnotes":""},"categories":[14121],"tags":[2,16881,17246],"class_list":["post-51591","post","type-post","status-publish","format-standard","has-post-thumbnail","hentry","category-policial","tag-blog-do-edvaldo-magalhaes","tag-caruaru-e-regiao","tag-homem-e-morto-a-tiros-e-outros-dois-ficam-baleado-na-zona-rural-de-caruaru"],"_links":{"self":[{"href":"https:\/\/blogdoedvaldomagalhaes.com.br\/index.php\/wp-json\/wp\/v2\/posts\/51591","targetHints":{"allow":["GET"]}}],"collection":[{"href":"https:\/\/blogdoedvaldomagalhaes.com.br\/index.php\/wp-json\/wp\/v2\/posts"}],"about":[{"href":"https:\/\/blogdoedvaldomagalhaes.com.br\/index.php\/wp-json\/wp\/v2\/types\/post"}],"author":[{"embeddable":true,"href":"https:\/\/blogdoedvaldomagalhaes.com.br\/index.php\/wp-json\/wp\/v2\/users\/1"}],"replies":[{"embeddable":true,"href":"https:\/\/blogdoedvaldomagalhaes.com.br\/index.php\/wp-json\/wp\/v2\/comments?post=51591"}],"version-history":[{"count":7,"href":"https:\/\/blogdoedvaldomagalhaes.com.br\/index.php\/wp-json\/wp\/v2\/posts\/51591\/revisions"}],"predecessor-version":[{"id":51613,"href":"https:\/\/blogdoedvaldomagalhaes.com.br\/index.php\/wp-json\/wp\/v2\/posts\/51591\/revisions\/51613"}],"wp:featuredmedia":[{"embeddable":true,"href":"https:\/\/blogdoedvaldomagalhaes.com.br\/index.php\/wp-json\/wp\/v2\/media\/51592"}],"wp:attachment":[{"href":"https:\/\/blogdoedvaldomagalhaes.com.br\/index.php\/wp-json\/wp\/v2\/media?parent=51591"}],"wp:term":[{"taxonomy":"category","embeddable":true,"href":"https:\/\/blogdoedvaldomagalhaes.com.br\/index.php\/wp-json\/wp\/v2\/categories?post=51591"},{"taxonomy":"post_tag","embeddable":true,"href":"https:\/\/blogdoedvaldomagalhaes.com.br\/index.php\/wp-json\/wp\/v2\/tags?post=51591"}],"curies":[{"name":"wp","href":"https:\/\/api.w.org\/{rel}","templated":true}]}}