{"id":51578,"date":"2020-02-05T12:43:10","date_gmt":"2020-02-05T15:43:10","guid":{"rendered":"http:\/\/blogdoedvaldomagalhaes.com.br\/?p=51578"},"modified":"2020-02-05T12:48:54","modified_gmt":"2020-02-05T15:48:54","slug":"projeto-que-regulamenta-queima-de-fogos-de-artificio-e-reapresentado-na-camara-de-caruaru","status":"publish","type":"post","link":"https:\/\/blogdoedvaldomagalhaes.com.br\/index.php\/2020\/02\/05\/projeto-que-regulamenta-queima-de-fogos-de-artificio-e-reapresentado-na-camara-de-caruaru\/","title":{"rendered":"Projeto que regulamenta queima de fogos de artif\u00edcio \u00e9 reapresentado na C\u00e2mara de Caruaru"},"content":{"rendered":"<p><span style=\"font-size: inherit;\">A C\u00e2mara de Vereadores de Caruaru deu in\u00edcio aos trabalhos legislativos de 2020 nessa ter\u00e7a-feira (4). Na primeira sess\u00e3o do ano, o vereador Daniel Finizola (PT) reapresentou o projeto que regulamenta a queima de fogos de artif\u00edcio na cidade, com uma vers\u00e3o mais detalhada do texto, que especifica um tempo de adapta\u00e7\u00e3o para a medida e determina o valor da multa que deve ser aplicada em caso de descumprimento.<\/span><\/p>\n<p>A nova mat\u00e9ria pro\u00edbe a soltura de fogos de artif\u00edcio e artefatos explosivos pirot\u00e9cnicos que possuam estampido ou uma quantidade de p\u00f3lvora superior a 0,25g. De acordo com o texto, a determina\u00e7\u00e3o n\u00e3o afeta a utiliza\u00e7\u00e3o de fogos que produzam ru\u00eddos em baixa intensidade nem a realiza\u00e7\u00e3o de outras manifesta\u00e7\u00f5es culturais, como os tiros de bacamarte e a utiliza\u00e7\u00e3o de foguetes sem estampido.<\/p>\n<p>Outra medida prevista no projeto \u00e9 que, caso ele seja aprovado, seja estabelecido um per\u00edodo para adapta\u00e7\u00e3o com dura\u00e7\u00e3o de 12 meses ap\u00f3s a san\u00e7\u00e3o. Depois desse prazo, o descumprimento da Lei pode ser punido com multa de R$ 2 mil. Em caso de reincid\u00eancia, o valor cobrado ser\u00e1 o dobro do inicial.<\/p>\n<p>Na mat\u00e9ria, o parlamentar indica que a iniciativa visa atender as necessidades de pessoas que s\u00e3o prejudicadas pelos estampidos dos fogos, como enfermos, idosos, crian\u00e7as, pessoas com Alzheimer e S\u00edndrome de Down e autistas, al\u00e9m de animais como c\u00e3es, gatos e aves, que t\u00eam uma audi\u00e7\u00e3o mais sens\u00edvel.<\/p>\n<p>Na tribuna, Finizola discursou sobre a import\u00e2ncia da retomada da discuss\u00e3o sobre o tema. \u201cA beleza dos fogos vai continuar. As manifesta\u00e7\u00f5es juninas e religiosas v\u00e3o continuar tendo os fogos. A \u00fanica diferen\u00e7a \u00e9 que ser\u00e3o fogos que t\u00eam uma redu\u00e7\u00e3o do barulho e que isso trar\u00e1 mais qualidade de vida para muita gente\u201d, defendeu.<\/p>\n<p>Durante a sess\u00e3o, o parlamentar tamb\u00e9m exibiu um v\u00eddeo com imagens registradas durante as queimas de fogos, envolvendo crian\u00e7as e animais assustados com o barulho, e citou outras cidades que j\u00e1 aprovaram Leis semelhantes, como \u00e9 Santos (SP), Santa Maria (RS), Campinas (SP) e Leopoldina (MG).<\/p>\n<p>O texto da propositura est\u00e1 dispon\u00edvel, na \u00edntegra, na plataforma do Sistema de Apoio ao Processo Legislativo (SAPL).<\/p>\n<p>Foto: Reprodu\u00e7\u00e3o\/Internet.<\/p>\n","protected":false},"excerpt":{"rendered":"<p>A C\u00e2mara de Vereadores de Caruaru deu in\u00edcio aos trabalhos legislativos de 2020 nessa ter\u00e7a-feira (4). Na primeira sess\u00e3o do&hellip;<\/p>\n","protected":false},"author":1,"featured_media":51579,"comment_status":"open","ping_status":"open","sticky":false,"template":"","format":"standard","meta":{"footnotes":""},"categories":[14122],"tags":[2,16881,17244],"class_list":["post-51578","post","type-post","status-publish","format-standard","has-post-thumbnail","hentry","category-politica","tag-blog-do-edvaldo-magalhaes","tag-caruaru-e-regiao","tag-projeto-que-regulamenta-queima-de-fogos-de-artificio-e-reapresentado-na-camara-de-caruaru"],"_links":{"self":[{"href":"https:\/\/blogdoedvaldomagalhaes.com.br\/index.php\/wp-json\/wp\/v2\/posts\/51578","targetHints":{"allow":["GET"]}}],"collection":[{"href":"https:\/\/blogdoedvaldomagalhaes.com.br\/index.php\/wp-json\/wp\/v2\/posts"}],"about":[{"href":"https:\/\/blogdoedvaldomagalhaes.com.br\/index.php\/wp-json\/wp\/v2\/types\/post"}],"author":[{"embeddable":true,"href":"https:\/\/blogdoedvaldomagalhaes.com.br\/index.php\/wp-json\/wp\/v2\/users\/1"}],"replies":[{"embeddable":true,"href":"https:\/\/blogdoedvaldomagalhaes.com.br\/index.php\/wp-json\/wp\/v2\/comments?post=51578"}],"version-history":[{"count":2,"href":"https:\/\/blogdoedvaldomagalhaes.com.br\/index.php\/wp-json\/wp\/v2\/posts\/51578\/revisions"}],"predecessor-version":[{"id":51581,"href":"https:\/\/blogdoedvaldomagalhaes.com.br\/index.php\/wp-json\/wp\/v2\/posts\/51578\/revisions\/51581"}],"wp:featuredmedia":[{"embeddable":true,"href":"https:\/\/blogdoedvaldomagalhaes.com.br\/index.php\/wp-json\/wp\/v2\/media\/51579"}],"wp:attachment":[{"href":"https:\/\/blogdoedvaldomagalhaes.com.br\/index.php\/wp-json\/wp\/v2\/media?parent=51578"}],"wp:term":[{"taxonomy":"category","embeddable":true,"href":"https:\/\/blogdoedvaldomagalhaes.com.br\/index.php\/wp-json\/wp\/v2\/categories?post=51578"},{"taxonomy":"post_tag","embeddable":true,"href":"https:\/\/blogdoedvaldomagalhaes.com.br\/index.php\/wp-json\/wp\/v2\/tags?post=51578"}],"curies":[{"name":"wp","href":"https:\/\/api.w.org\/{rel}","templated":true}]}}